{"id":10026,"date":"2024-12-25T14:13:23","date_gmt":"2024-12-25T17:13:23","guid":{"rendered":"http:\/\/marceloscalona.com.ar\/?p=10026"},"modified":"2024-12-25T14:13:23","modified_gmt":"2024-12-25T17:13:23","slug":"un-cuento-de-navidad","status":"publish","type":"post","link":"http:\/\/marceloscalona.com.ar\/?p=10026","title":{"rendered":"Un cuento de Navidad"},"content":{"rendered":"<h1>.<a href=\"http:\/\/marceloscalona.com.ar\/wp-content\/uploads\/2024\/12\/469777613_10235425256228632_6318378304292296481_n.jpg\"><img loading=\"lazy\" decoding=\"async\" class=\"alignnone size-medium wp-image-10027\" src=\"http:\/\/marceloscalona.com.ar\/wp-content\/uploads\/2024\/12\/469777613_10235425256228632_6318378304292296481_n-106x188.jpg\" alt=\"\" width=\"106\" height=\"188\" srcset=\"http:\/\/marceloscalona.com.ar\/wp-content\/uploads\/2024\/12\/469777613_10235425256228632_6318378304292296481_n-106x188.jpg 106w, http:\/\/marceloscalona.com.ar\/wp-content\/uploads\/2024\/12\/469777613_10235425256228632_6318378304292296481_n-278x494.jpg 278w, http:\/\/marceloscalona.com.ar\/wp-content\/uploads\/2024\/12\/469777613_10235425256228632_6318378304292296481_n-768x1365.jpg 768w, http:\/\/marceloscalona.com.ar\/wp-content\/uploads\/2024\/12\/469777613_10235425256228632_6318378304292296481_n-864x1536.jpg 864w, http:\/\/marceloscalona.com.ar\/wp-content\/uploads\/2024\/12\/469777613_10235425256228632_6318378304292296481_n-338x600.jpg 338w, http:\/\/marceloscalona.com.ar\/wp-content\/uploads\/2024\/12\/469777613_10235425256228632_6318378304292296481_n.jpg 1152w\" sizes=\"auto, (max-width: 106px) 100vw, 106px\" \/><\/a><\/h1>\n<h1><strong>UN CUENTO DE NAVIDAD<\/strong><br class=\"html-br\" \/><strong>.<\/strong><br class=\"html-br\" \/><strong>Uno de mis deseos m\u00e1s v\u00edvidos de la adolescencia era poder hacerle tablas a Juan Garc\u00eda en el asilo de ancianos de Ayolas y Necochea.<\/strong><br class=\"html-br\" \/><strong>Juan era un exiliado ruso (que no se llamaba Juan, obvio, ni Garc\u00eda), le faltaban sus dos piernas de las rodillas para abajo, las hab\u00eda perdido en la guerra. Era ruso hasta la m\u00e9dula, y con sus dos muletas y su metro treinta era incansable, ten\u00eda una cabeza que med\u00eda diez metros.<\/strong><br class=\"html-br\" \/><strong>Me ense\u00f1\u00f3 a jugar al ajedrez, lo primero fue la defensa siciliana y hablaba del Pr\u00edncipe Alekhine o de Capablanca como yo hablo de mis amigos escritores, con una clase de fascinaci\u00f3n que no ahorra exageraciones.<\/strong><br class=\"html-br\" \/><strong>Yo ten\u00eda 15 a\u00f1os, y como era vecino del asilo, iba a leerles a los viejos, a tocarles la guitarra, a llevarles algunos alimentos. Mam\u00e1 invitaba a Juan a almorzar a menudo. A todos les gustaba escucharlo. Juan pod\u00eda detectar el pasaje de Mozart del que estaba copiado \u00abCoraz\u00f3n de oro\u00bb, el vals de Canaro, o qu\u00e9 paginas de El t\u00fanel estaban muy \u00abinspiradas\u00bb en \u00abCrimen y castigo\u00bb de Dostoievsky. Era un hombre cult\u00edsimo. Pero lo que me marc\u00f3 mucho eran las rebeliones que organizaba con los otros viejos internados para reclamar mejores condiciones de alojamiento, salud o alimentos. Hac\u00eda verdaderos motines. Picantes&#8230; En esa \u00e9poca yo iba a misa y \u00e9l era ateo cient\u00edfico. Jam\u00e1s me cuestion\u00f3 mi fe ni mi pr\u00e1ctica. Nunca. En una \u00e9poca, el Pelado Reynoso lo empez\u00f3 a llevar a la radio y a la tele&#8230; era un libro abierto y testigo del siglo XX, de la condici\u00f3n humana, de la resiliencia.<\/strong><br class=\"html-br\" \/><strong>.<\/strong><br class=\"html-br\" \/><strong>En 1986, cuando \u00e9l ya hab\u00eda muerto yo empec\u00e9 a escribir lo que ser\u00eda mi primera novela, EL CAMINO DEL OTO\u00d1O (1995, Corregidor), y su vida, su car\u00e1cter y sus modos fueron el soporte subjetivo del personaje de Tesalio Feijo\u00f3&#8230; pero cada vez que veo un tablero de ajedrez pienso que una de las cosas que m\u00e1s dese\u00e9 en la adolescencia fue hacerle tablas a JUAN GARC\u00cdA. Y unos a\u00f1os despu\u00e9s de la novela, por mi gratitud y cari\u00f1o, tuve que escribir un cuento de navidad con Juan y con Tesalio: La navidad de Feij\u00f3o [El altillo de mis oficios. Ed. Corregidor 1998].<\/strong><br class=\"html-br\" \/><strong>La felicidad es as\u00ed, aunque uno no crea, nunca nos suelta.<\/strong><br class=\"html-br\" \/><strong>.<\/strong><\/h1>\n<h1>Marcelo Scalona<\/h1>\n","protected":false},"excerpt":{"rendered":"<p>. UN CUENTO DE NAVIDAD.Uno de mis deseos m\u00e1s v\u00edvidos de la adolescencia era poder hacerle tablas a Juan Garc\u00eda en el asilo de ancianos [&hellip;]<\/p>\n","protected":false},"author":8,"featured_media":0,"comment_status":"open","ping_status":"open","sticky":false,"template":"","format":"standard","meta":{"footnotes":""},"categories":[3],"tags":[],"class_list":["post-10026","post","type-post","status-publish","format-standard","hentry","category-taller"],"_links":{"self":[{"href":"http:\/\/marceloscalona.com.ar\/index.php?rest_route=\/wp\/v2\/posts\/10026","targetHints":{"allow":["GET"]}}],"collection":[{"href":"http:\/\/marceloscalona.com.ar\/index.php?rest_route=\/wp\/v2\/posts"}],"about":[{"href":"http:\/\/marceloscalona.com.ar\/index.php?rest_route=\/wp\/v2\/types\/post"}],"author":[{"embeddable":true,"href":"http:\/\/marceloscalona.com.ar\/index.php?rest_route=\/wp\/v2\/users\/8"}],"replies":[{"embeddable":true,"href":"http:\/\/marceloscalona.com.ar\/index.php?rest_route=%2Fwp%2Fv2%2Fcomments&post=10026"}],"version-history":[{"count":1,"href":"http:\/\/marceloscalona.com.ar\/index.php?rest_route=\/wp\/v2\/posts\/10026\/revisions"}],"predecessor-version":[{"id":10028,"href":"http:\/\/marceloscalona.com.ar\/index.php?rest_route=\/wp\/v2\/posts\/10026\/revisions\/10028"}],"wp:attachment":[{"href":"http:\/\/marceloscalona.com.ar\/index.php?rest_route=%2Fwp%2Fv2%2Fmedia&parent=10026"}],"wp:term":[{"taxonomy":"category","embeddable":true,"href":"http:\/\/marceloscalona.com.ar\/index.php?rest_route=%2Fwp%2Fv2%2Fcategories&post=10026"},{"taxonomy":"post_tag","embeddable":true,"href":"http:\/\/marceloscalona.com.ar\/index.php?rest_route=%2Fwp%2Fv2%2Ftags&post=10026"}],"curies":[{"name":"wp","href":"https:\/\/api.w.org\/{rel}","templated":true}]}}