{"id":10131,"date":"2025-03-03T16:57:36","date_gmt":"2025-03-03T19:57:36","guid":{"rendered":"http:\/\/marceloscalona.com.ar\/?p=10131"},"modified":"2025-03-03T16:57:36","modified_gmt":"2025-03-03T19:57:36","slug":"kim-y-el-nino-proletario","status":"publish","type":"post","link":"http:\/\/marceloscalona.com.ar\/?p=10131","title":{"rendered":"Kim y el ni\u00f1o proletario"},"content":{"rendered":"<h1 dir=\"auto\">.<a href=\"http:\/\/marceloscalona.com.ar\/wp-content\/uploads\/2025\/03\/images-29.jpg\"><img loading=\"lazy\" decoding=\"async\" class=\"alignnone size-medium wp-image-10132\" src=\"http:\/\/marceloscalona.com.ar\/wp-content\/uploads\/2025\/03\/images-29-151x188.jpg\" alt=\"\" width=\"151\" height=\"188\" srcset=\"http:\/\/marceloscalona.com.ar\/wp-content\/uploads\/2025\/03\/images-29-151x188.jpg 151w, http:\/\/marceloscalona.com.ar\/wp-content\/uploads\/2025\/03\/images-29.jpg 201w\" sizes=\"auto, (max-width: 151px) 100vw, 151px\" \/><\/a><\/h1>\n<h1 dir=\"auto\">KIM y el Ni\u00f1o Proletario<\/h1>\n<h1 dir=\"auto\"><strong><span style=\"color: #000000\">Hace 26 a\u00f1os que doy taller literario. Desde el a\u00f1o 2000. Los primeros a\u00f1os no hab\u00eda manera de que los alumnos entendieran EL NI\u00d1O PROLETARIO, el cuento de Osvaldo Lamborghini, de los 60. Les parec\u00eda una desmesura absurda, una hip\u00e9rbole fant\u00e1stica, un ditirambo hasta pretencioso&#8230;<\/span><\/strong><\/h1>\n<h1 dir=\"auto\"><strong><span style=\"color: #000000\">Con los a\u00f1os, la realidad social fue acercando la desmesura de Lamborghini a la mesura de los alumnos y hoy ninguno se escandaliza.<\/span><\/strong><\/h1>\n<h1 dir=\"auto\"><strong><span style=\"color: #000000\">Lo record\u00e9 mientras miraba en la tev\u00e9 el asesinato de <span class=\"html-span xdj266r x11i5rnm xat24cr x1mh8g0r xexx8yu x4uap5 x18d9i69 xkhd6sd x1hl2dhg x16tdsg8 x1vvkbs\"><a class=\"x1i10hfl xjbqb8w x1ejq31n xd10rxx x1sy0etr x17r0tee x972fbf xcfux6l x1qhh985 xm0m39n x9f619 x1ypdohk xt0psk2 xe8uvvx xdj266r x11i5rnm xat24cr x1mh8g0r xexx8yu x4uap5 x18d9i69 xkhd6sd x16tdsg8 x1hl2dhg xggy1nq x1a2a7pz xkrqix3 x1sur9pj x1fey0fg x1s688f\" style=\"color: #000000\" role=\"link\" href=\"https:\/\/www.facebook.com\/hashtag\/kim?__eep__=6&amp;__cft__[0]=AZWevQ0XBAzq17Vaj4L57fCZDEzGGgLKjzLzNKy06dlZZtCnS4btroElK4oHzUDvy634vkm-uVzU29jdUgva9dkod2IRUikq_LH1mHv_DUQJSyH9MVMMrFnewX8ca9tT0I9a9RHudMqcJiKSqBFkPuX5&amp;__tn__=*NK-R\">#Kim<\/a><\/span>, la nena de 7 a\u00f1os en La Plata, arrastrada mil metros colgada de un auto conducido por dos junkies de 14 y 17, del ej\u00e9rcito de los ni\u00f1os proletarios.<\/span><\/strong><\/h1>\n<h1 dir=\"auto\"><strong><span style=\"color: #000000\">El horror siempre acecha la maravilla.<\/span><\/strong><\/h1>\n<h1 dir=\"auto\"><strong><span style=\"color: #000000\">Por \u00faltimo, siempre recuerdo algo que me dijo hace 20 a\u00f1os Antonio Dal Masetto: \u00aba los escritores de policial negro, cada vez se nos hace m\u00e1s dif\u00edcil competir con Cr\u00f3nica TV\u00bb.<\/span><\/strong><\/h1>\n","protected":false},"excerpt":{"rendered":"<p>. KIM y el Ni\u00f1o Proletario Hace 26 a\u00f1os que doy taller literario. Desde el a\u00f1o 2000. Los primeros a\u00f1os no hab\u00eda manera de que [&hellip;]<\/p>\n","protected":false},"author":8,"featured_media":0,"comment_status":"open","ping_status":"open","sticky":false,"template":"","format":"standard","meta":{"footnotes":""},"categories":[3],"tags":[],"class_list":["post-10131","post","type-post","status-publish","format-standard","hentry","category-taller"],"_links":{"self":[{"href":"http:\/\/marceloscalona.com.ar\/index.php?rest_route=\/wp\/v2\/posts\/10131","targetHints":{"allow":["GET"]}}],"collection":[{"href":"http:\/\/marceloscalona.com.ar\/index.php?rest_route=\/wp\/v2\/posts"}],"about":[{"href":"http:\/\/marceloscalona.com.ar\/index.php?rest_route=\/wp\/v2\/types\/post"}],"author":[{"embeddable":true,"href":"http:\/\/marceloscalona.com.ar\/index.php?rest_route=\/wp\/v2\/users\/8"}],"replies":[{"embeddable":true,"href":"http:\/\/marceloscalona.com.ar\/index.php?rest_route=%2Fwp%2Fv2%2Fcomments&post=10131"}],"version-history":[{"count":1,"href":"http:\/\/marceloscalona.com.ar\/index.php?rest_route=\/wp\/v2\/posts\/10131\/revisions"}],"predecessor-version":[{"id":10133,"href":"http:\/\/marceloscalona.com.ar\/index.php?rest_route=\/wp\/v2\/posts\/10131\/revisions\/10133"}],"wp:attachment":[{"href":"http:\/\/marceloscalona.com.ar\/index.php?rest_route=%2Fwp%2Fv2%2Fmedia&parent=10131"}],"wp:term":[{"taxonomy":"category","embeddable":true,"href":"http:\/\/marceloscalona.com.ar\/index.php?rest_route=%2Fwp%2Fv2%2Fcategories&post=10131"},{"taxonomy":"post_tag","embeddable":true,"href":"http:\/\/marceloscalona.com.ar\/index.php?rest_route=%2Fwp%2Fv2%2Ftags&post=10131"}],"curies":[{"name":"wp","href":"https:\/\/api.w.org\/{rel}","templated":true}]}}