{"id":10149,"date":"2025-03-13T10:08:27","date_gmt":"2025-03-13T13:08:27","guid":{"rendered":"http:\/\/marceloscalona.com.ar\/?p=10149"},"modified":"2025-03-13T10:08:27","modified_gmt":"2025-03-13T13:08:27","slug":"charla-y-lectura","status":"publish","type":"post","link":"http:\/\/marceloscalona.com.ar\/?p=10149","title":{"rendered":"Charla y lectura"},"content":{"rendered":"<h1>.<a href=\"http:\/\/marceloscalona.com.ar\/wp-content\/uploads\/2025\/03\/484046592_10236110387676490_4515025665631682823_n.jpg\"><img loading=\"lazy\" decoding=\"async\" class=\"alignnone size-medium wp-image-10150\" src=\"http:\/\/marceloscalona.com.ar\/wp-content\/uploads\/2025\/03\/484046592_10236110387676490_4515025665631682823_n-150x188.jpg\" alt=\"\" width=\"150\" height=\"188\" srcset=\"http:\/\/marceloscalona.com.ar\/wp-content\/uploads\/2025\/03\/484046592_10236110387676490_4515025665631682823_n-150x188.jpg 150w, http:\/\/marceloscalona.com.ar\/wp-content\/uploads\/2025\/03\/484046592_10236110387676490_4515025665631682823_n-395x494.jpg 395w, http:\/\/marceloscalona.com.ar\/wp-content\/uploads\/2025\/03\/484046592_10236110387676490_4515025665631682823_n-768x960.jpg 768w, http:\/\/marceloscalona.com.ar\/wp-content\/uploads\/2025\/03\/484046592_10236110387676490_4515025665631682823_n-480x600.jpg 480w, http:\/\/marceloscalona.com.ar\/wp-content\/uploads\/2025\/03\/484046592_10236110387676490_4515025665631682823_n.jpg 1080w\" sizes=\"auto, (max-width: 150px) 100vw, 150px\" \/><\/a><\/h1>\n<h1><strong>\u00abA los siete a\u00f1os me aproxim\u00e9 a la comprensi\u00f3n de la especie humana. Era un d\u00eda de lluvia y miraba a la calle por la ventana de nuestra casa de infancia. Llam\u00f3 mi atenci\u00f3n que los peatones que llevaban paraguas e impermeables no cedieran el lado de la pared y los aleros a los otros, los desprotegidos e inermes. Me qued\u00e9 pensando un rato y apareci\u00f3 mi padre por la vereda de enfrente, mojado y desnudo al aguacero, cediendo el lado de la pared a todos. Me puse a llorar y esa noche, antes de dormirme, como una condena o un tesoro, lo escrib\u00ed en secreto en la \u00faltima hoja del cuaderno de tareas. Algo irremediable y fatal naci\u00f3 para m\u00ed entonces, escribir es el \u00fanico juguete de la infancia que me dura\u00bb.<\/strong><br class=\"html-br\" \/><strong>.<\/strong><br class=\"html-br\" \/><strong>El nacimiento.<\/strong><br class=\"html-br\" \/><strong>El altillo de mis oficios. 1998. Ed. Corregidor<\/strong><\/h1>\n","protected":false},"excerpt":{"rendered":"<p>. \u00abA los siete a\u00f1os me aproxim\u00e9 a la comprensi\u00f3n de la especie humana. Era un d\u00eda de lluvia y miraba a la calle por [&hellip;]<\/p>\n","protected":false},"author":8,"featured_media":0,"comment_status":"open","ping_status":"open","sticky":false,"template":"","format":"standard","meta":{"footnotes":""},"categories":[3],"tags":[],"class_list":["post-10149","post","type-post","status-publish","format-standard","hentry","category-taller"],"_links":{"self":[{"href":"http:\/\/marceloscalona.com.ar\/index.php?rest_route=\/wp\/v2\/posts\/10149","targetHints":{"allow":["GET"]}}],"collection":[{"href":"http:\/\/marceloscalona.com.ar\/index.php?rest_route=\/wp\/v2\/posts"}],"about":[{"href":"http:\/\/marceloscalona.com.ar\/index.php?rest_route=\/wp\/v2\/types\/post"}],"author":[{"embeddable":true,"href":"http:\/\/marceloscalona.com.ar\/index.php?rest_route=\/wp\/v2\/users\/8"}],"replies":[{"embeddable":true,"href":"http:\/\/marceloscalona.com.ar\/index.php?rest_route=%2Fwp%2Fv2%2Fcomments&post=10149"}],"version-history":[{"count":1,"href":"http:\/\/marceloscalona.com.ar\/index.php?rest_route=\/wp\/v2\/posts\/10149\/revisions"}],"predecessor-version":[{"id":10151,"href":"http:\/\/marceloscalona.com.ar\/index.php?rest_route=\/wp\/v2\/posts\/10149\/revisions\/10151"}],"wp:attachment":[{"href":"http:\/\/marceloscalona.com.ar\/index.php?rest_route=%2Fwp%2Fv2%2Fmedia&parent=10149"}],"wp:term":[{"taxonomy":"category","embeddable":true,"href":"http:\/\/marceloscalona.com.ar\/index.php?rest_route=%2Fwp%2Fv2%2Fcategories&post=10149"},{"taxonomy":"post_tag","embeddable":true,"href":"http:\/\/marceloscalona.com.ar\/index.php?rest_route=%2Fwp%2Fv2%2Ftags&post=10149"}],"curies":[{"name":"wp","href":"https:\/\/api.w.org\/{rel}","templated":true}]}}