{"id":10158,"date":"2025-03-23T19:21:52","date_gmt":"2025-03-23T22:21:52","guid":{"rendered":"http:\/\/marceloscalona.com.ar\/?p=10158"},"modified":"2025-03-23T19:21:52","modified_gmt":"2025-03-23T22:21:52","slug":"poesia","status":"publish","type":"post","link":"http:\/\/marceloscalona.com.ar\/?p=10158","title":{"rendered":"Poes\u00eda"},"content":{"rendered":"<h1 dir=\"auto\">.<a href=\"http:\/\/marceloscalona.com.ar\/wp-content\/uploads\/2025\/03\/481478890_10236213123604824_3434910918808221260_n.jpg\"><img loading=\"lazy\" decoding=\"async\" class=\"alignnone size-medium wp-image-10159\" src=\"http:\/\/marceloscalona.com.ar\/wp-content\/uploads\/2025\/03\/481478890_10236213123604824_3434910918808221260_n-125x188.jpg\" alt=\"\" width=\"125\" height=\"188\" srcset=\"http:\/\/marceloscalona.com.ar\/wp-content\/uploads\/2025\/03\/481478890_10236213123604824_3434910918808221260_n-125x188.jpg 125w, http:\/\/marceloscalona.com.ar\/wp-content\/uploads\/2025\/03\/481478890_10236213123604824_3434910918808221260_n-328x494.jpg 328w, http:\/\/marceloscalona.com.ar\/wp-content\/uploads\/2025\/03\/481478890_10236213123604824_3434910918808221260_n-768x1158.jpg 768w, http:\/\/marceloscalona.com.ar\/wp-content\/uploads\/2025\/03\/481478890_10236213123604824_3434910918808221260_n-1019x1536.jpg 1019w, http:\/\/marceloscalona.com.ar\/wp-content\/uploads\/2025\/03\/481478890_10236213123604824_3434910918808221260_n-398x600.jpg 398w, http:\/\/marceloscalona.com.ar\/wp-content\/uploads\/2025\/03\/481478890_10236213123604824_3434910918808221260_n.jpg 1358w\" sizes=\"auto, (max-width: 125px) 100vw, 125px\" \/><\/a><\/h1>\n<h1 dir=\"auto\"><strong>POES\u00cdA: <\/strong><\/h1>\n<h1 dir=\"auto\"><strong>a menudo es rodear con otras palabras lo que se elige no decir.<\/strong><\/h1>\n<h1 dir=\"auto\"><strong>.<\/strong><\/h1>\n<h2 dir=\"auto\"><span style=\"color: #ff0000\"><strong>21 de marzo, d\u00eda internacional de la poes\u00eda<\/strong><\/span><\/h2>\n<h2><span style=\"color: #993300\"><strong>foto, Biblioteca Argentina Dr. Juan \u00c1lvarez, Rosario<\/strong><\/span><\/h2>\n","protected":false},"excerpt":{"rendered":"<p>. POES\u00cdA: a menudo es rodear con otras palabras lo que se elige no decir. . 21 de marzo, d\u00eda internacional de la poes\u00eda foto, [&hellip;]<\/p>\n","protected":false},"author":8,"featured_media":0,"comment_status":"open","ping_status":"open","sticky":false,"template":"","format":"standard","meta":{"footnotes":""},"categories":[3],"tags":[],"class_list":["post-10158","post","type-post","status-publish","format-standard","hentry","category-taller"],"_links":{"self":[{"href":"http:\/\/marceloscalona.com.ar\/index.php?rest_route=\/wp\/v2\/posts\/10158","targetHints":{"allow":["GET"]}}],"collection":[{"href":"http:\/\/marceloscalona.com.ar\/index.php?rest_route=\/wp\/v2\/posts"}],"about":[{"href":"http:\/\/marceloscalona.com.ar\/index.php?rest_route=\/wp\/v2\/types\/post"}],"author":[{"embeddable":true,"href":"http:\/\/marceloscalona.com.ar\/index.php?rest_route=\/wp\/v2\/users\/8"}],"replies":[{"embeddable":true,"href":"http:\/\/marceloscalona.com.ar\/index.php?rest_route=%2Fwp%2Fv2%2Fcomments&post=10158"}],"version-history":[{"count":1,"href":"http:\/\/marceloscalona.com.ar\/index.php?rest_route=\/wp\/v2\/posts\/10158\/revisions"}],"predecessor-version":[{"id":10160,"href":"http:\/\/marceloscalona.com.ar\/index.php?rest_route=\/wp\/v2\/posts\/10158\/revisions\/10160"}],"wp:attachment":[{"href":"http:\/\/marceloscalona.com.ar\/index.php?rest_route=%2Fwp%2Fv2%2Fmedia&parent=10158"}],"wp:term":[{"taxonomy":"category","embeddable":true,"href":"http:\/\/marceloscalona.com.ar\/index.php?rest_route=%2Fwp%2Fv2%2Fcategories&post=10158"},{"taxonomy":"post_tag","embeddable":true,"href":"http:\/\/marceloscalona.com.ar\/index.php?rest_route=%2Fwp%2Fv2%2Ftags&post=10158"}],"curies":[{"name":"wp","href":"https:\/\/api.w.org\/{rel}","templated":true}]}}