{"id":10178,"date":"2025-03-30T12:50:20","date_gmt":"2025-03-30T15:50:20","guid":{"rendered":"http:\/\/marceloscalona.com.ar\/?p=10178"},"modified":"2025-03-30T12:50:20","modified_gmt":"2025-03-30T15:50:20","slug":"el-guardian","status":"publish","type":"post","link":"http:\/\/marceloscalona.com.ar\/?p=10178","title":{"rendered":"El Guardi\u00e1n"},"content":{"rendered":"<h1 dir=\"auto\">.<a href=\"http:\/\/marceloscalona.com.ar\/wp-content\/uploads\/2025\/03\/487057539_10236306635222556_8440762053518915005_n.jpg\"><img loading=\"lazy\" decoding=\"async\" class=\"alignnone size-medium wp-image-10179\" src=\"http:\/\/marceloscalona.com.ar\/wp-content\/uploads\/2025\/03\/487057539_10236306635222556_8440762053518915005_n-188x125.jpg\" alt=\"\" width=\"188\" height=\"125\" srcset=\"http:\/\/marceloscalona.com.ar\/wp-content\/uploads\/2025\/03\/487057539_10236306635222556_8440762053518915005_n-188x125.jpg 188w, http:\/\/marceloscalona.com.ar\/wp-content\/uploads\/2025\/03\/487057539_10236306635222556_8440762053518915005_n-494x329.jpg 494w, http:\/\/marceloscalona.com.ar\/wp-content\/uploads\/2025\/03\/487057539_10236306635222556_8440762053518915005_n.jpg 600w\" sizes=\"auto, (max-width: 188px) 100vw, 188px\" \/><\/a><\/h1>\n<h1 dir=\"auto\"><strong>EL GUARDI\u00c1N (*)<\/strong><\/h1>\n<h1 dir=\"auto\"><strong>&#8211;<\/strong><\/h1>\n<h1 dir=\"auto\"><strong>Es su serie favorita. La de \u00e9l y su padre, que este domingo, a la hora de la siesta ceniza de oto\u00f1o, la est\u00e1n viendo en la habitaci\u00f3n 105 del Sanatorio Americano. Un padre y su hijo no parece demasiado entretenimiento: los dos han perdido sus mujeres; los dos son abogados, bastante oscuros, divididos; la fisura habitual de la ley y el esp\u00edritu.<\/strong><\/h1>\n<h1 dir=\"auto\"><strong>El chico tuvo problemas de adicci\u00f3n a las drogas, el padre, a las mujeres. Son como dos Jekill y Hyde en Pittsburg, por las noches se pierden, y de d\u00eda tratan de salvarse. Y si les queda tiempo, tratan de salvar al mundo, como Pinky y Cerebro. El padre rico es defensor de grandes corporaciones. El hijo hace una probation en servicios sociales para justiciables pobres.<\/strong><\/h1>\n<h1 dir=\"auto\"><strong>Nunca tienen desahogos los cap\u00edtulos, pero lo que les gusta a ellos dos, a Esteban y al Oski, es el espejo: el amor de esos dos hombres que resisten y siguen viviendo con la ausencia, con la enfermedad, con las bifurcadas de la vida. El pibe se equivoca de consuelo, el viejo se enamora de una puta y nunca nada se resuelve r\u00e1pido ni simple ni c\u00f3modo a las conciencias del dogma. No magic, please. All you need is love&#8230; Amor, droga, precios, nada de metonimias facilongas. Que no importe ganar, a ellos la serie les gusta por el equipo. Un buen hincha de f\u00fatbol sabe de qu\u00e9 estamos hablando. De qu\u00e9 hablamos cuando hablamos de un padre y un hijo.<\/strong><\/h1>\n<h1 dir=\"auto\"><strong>.<\/strong><\/h1>\n<h1 dir=\"auto\"><strong>Y hoy domingo, es la primera vez que les toca verla en un sanatorio. Es un cap\u00edtulo donde el hijo hace el protag\u00f3nico. El hijo es el guardi\u00e1n ahora. La ley de vida. El padre puso la bacinilla, el hijo la chata; aqu\u00e9l puso el andador, \u00e9ste lo carga hasta el inodoro con el suero en ristre. Controla su transfusi\u00f3n como el otro tantas veces tuvo el term\u00f3metro infantil. El dolor se vuelve dulzura cuando la mirada se vuelve espejo.<\/strong><\/h1>\n<h1 dir=\"auto\"><strong>El chico podr\u00eda quedarse todo el d\u00eda viendo esa serie. Ni siquiera hace falta llegar al espacio publicitario o el fade final. El gui\u00f3n reparte asaz un instante sublime: la duermevela dolorida del padre, que cada vez que abre los ojos, sonr\u00ede.<\/strong><\/h1>\n<h1 dir=\"auto\"><strong>&#8211;<\/strong><\/h1>\n<h1 dir=\"auto\"><strong>&#8211;<\/strong><\/h1>\n<h1 dir=\"auto\"><strong><span class=\"html-span xdj266r x11i5rnm xat24cr x1mh8g0r xexx8yu x4uap5 x18d9i69 xkhd6sd x1hl2dhg x16tdsg8 x1vvkbs\"><a class=\"x1i10hfl xjbqb8w x1ejq31n xd10rxx x1sy0etr x17r0tee x972fbf xcfux6l x1qhh985 xm0m39n x9f619 x1ypdohk xt0psk2 xe8uvvx xdj266r x11i5rnm xat24cr x1mh8g0r xexx8yu x4uap5 x18d9i69 xkhd6sd x16tdsg8 x1hl2dhg xggy1nq x1a2a7pz xkrqix3 x1sur9pj x1fey0fg x1s688f\" role=\"link\" href=\"https:\/\/www.facebook.com\/scalona?__cft__[0]=AZWPx5RvTx1cX_65RmkIMZI8bIVwJI1M6M6RNvge9ng7pv6XlB3nj6MpjMtMjkpnqc3_e2LxyjiZeM2ZFmAdaLnJYEuo6GlUDinwphLhBPJdL-ue8CagzzLxsGeh4jhuIlR-DO106Zjm0bLH2U-ar8aLdg065fNnQt_z9Z4mBb1Bzg&amp;__tn__=-]K-R\"><span class=\"xt0psk2\"><span class=\"xjp7ctv\">Marcelo<\/span><\/span><\/a><\/span>.<\/strong><\/h1>\n<h1 dir=\"auto\"><strong>(*) The Guardian &#8211; Canal Hallmark,<\/strong><\/h1>\n<h1 dir=\"auto\"><strong>domingos, 13,45 hs. Repetici\u00f3n, martes, 13 hs y jueves 18,45 hs.<\/strong><\/h1>\n","protected":false},"excerpt":{"rendered":"<p>. EL GUARDI\u00c1N (*) &#8211; Es su serie favorita. La de \u00e9l y su padre, que este domingo, a la hora de la siesta ceniza [&hellip;]<\/p>\n","protected":false},"author":8,"featured_media":0,"comment_status":"open","ping_status":"open","sticky":false,"template":"","format":"standard","meta":{"footnotes":""},"categories":[3],"tags":[],"class_list":["post-10178","post","type-post","status-publish","format-standard","hentry","category-taller"],"_links":{"self":[{"href":"http:\/\/marceloscalona.com.ar\/index.php?rest_route=\/wp\/v2\/posts\/10178","targetHints":{"allow":["GET"]}}],"collection":[{"href":"http:\/\/marceloscalona.com.ar\/index.php?rest_route=\/wp\/v2\/posts"}],"about":[{"href":"http:\/\/marceloscalona.com.ar\/index.php?rest_route=\/wp\/v2\/types\/post"}],"author":[{"embeddable":true,"href":"http:\/\/marceloscalona.com.ar\/index.php?rest_route=\/wp\/v2\/users\/8"}],"replies":[{"embeddable":true,"href":"http:\/\/marceloscalona.com.ar\/index.php?rest_route=%2Fwp%2Fv2%2Fcomments&post=10178"}],"version-history":[{"count":1,"href":"http:\/\/marceloscalona.com.ar\/index.php?rest_route=\/wp\/v2\/posts\/10178\/revisions"}],"predecessor-version":[{"id":10180,"href":"http:\/\/marceloscalona.com.ar\/index.php?rest_route=\/wp\/v2\/posts\/10178\/revisions\/10180"}],"wp:attachment":[{"href":"http:\/\/marceloscalona.com.ar\/index.php?rest_route=%2Fwp%2Fv2%2Fmedia&parent=10178"}],"wp:term":[{"taxonomy":"category","embeddable":true,"href":"http:\/\/marceloscalona.com.ar\/index.php?rest_route=%2Fwp%2Fv2%2Fcategories&post=10178"},{"taxonomy":"post_tag","embeddable":true,"href":"http:\/\/marceloscalona.com.ar\/index.php?rest_route=%2Fwp%2Fv2%2Ftags&post=10178"}],"curies":[{"name":"wp","href":"https:\/\/api.w.org\/{rel}","templated":true}]}}