{"id":10195,"date":"2025-04-07T12:34:45","date_gmt":"2025-04-07T15:34:45","guid":{"rendered":"http:\/\/marceloscalona.com.ar\/?p=10195"},"modified":"2025-04-07T12:34:45","modified_gmt":"2025-04-07T15:34:45","slug":"la-fractura","status":"publish","type":"post","link":"http:\/\/marceloscalona.com.ar\/?p=10195","title":{"rendered":"La Fractura"},"content":{"rendered":"<div class=\"html-div xdj266r x11i5rnm xat24cr x1mh8g0r xexx8yu x4uap5 x18d9i69 xkhd6sd\">\n<div class=\"html-div xdj266r x11i5rnm xat24cr x1mh8g0r xexx8yu x4uap5 x18d9i69 xkhd6sd\" dir=\"auto\">\n<div class=\"html-div xdj266r x11i5rnm xat24cr x1mh8g0r xexx8yu x4uap5 x18d9i69 xkhd6sd\" data-ad-rendering-role=\"story_message\">\n<div id=\"\u00abra4e\u00bb\" class=\"x1l90r2v x1iorvi4 x1ye3gou xn6708d\" data-ad-comet-preview=\"message\" data-ad-preview=\"message\">\n<div class=\"x78zum5 xdt5ytf xz62fqu x16ldp7u\">\n<div class=\"xu06os2 x1ok221b\">\n<div class=\"xdj266r x11i5rnm xat24cr x1mh8g0r x1vvkbs x126k92a\">\n<h1 dir=\"auto\"><strong>LA FRACTURA<\/strong><\/h1>\n<h1 dir=\"auto\"><strong>.<\/strong><\/h1>\n<h1 dir=\"auto\"><strong>Anoche fuimos con Ana al <span class=\"html-span xdj266r x11i5rnm xat24cr x1mh8g0r xexx8yu x4uap5 x18d9i69 xkhd6sd x1hl2dhg x16tdsg8 x1vvkbs\"><a class=\"x1i10hfl xjbqb8w x1ejq31n xd10rxx x1sy0etr x17r0tee x972fbf xcfux6l x1qhh985 xm0m39n x9f619 x1ypdohk xt0psk2 xe8uvvx xdj266r x11i5rnm xat24cr x1mh8g0r xexx8yu x4uap5 x18d9i69 xkhd6sd x16tdsg8 x1hl2dhg xggy1nq x1a2a7pz xkrqix3 x1sur9pj x1fey0fg x1s688f\" role=\"link\" href=\"https:\/\/www.facebook.com\/cineelcairo?__cft__[0]=AZWgWjPvk0tXNVBiu6wt9zRLjnTH6YcSaiGgyX3Ru4Y659mMI9g7z8byWGv7v3k_DncQE3L5G4WP-NtT5f3o6P_SlFOQF4-qyXaQPSJMNcNL2WCSjJl_Sy7xcV6yCrS8ktQ088EouibR2GoybzBS7nlUdXlF_C_PCk1hpwOKTpb-Lw&amp;__tn__=-]K-R\"><span class=\"xt0psk2\"><span class=\"xjp7ctv\">Cine El Cairo<\/span><\/span><\/a><\/span> a ver este pedazo de film, LA FRACTURA (Catherine Corsini, 2021 Fr.) bello, feroz, contundente: el amor y la furia en un escenario de crisis, crispado, intratable: la guardia de un hospital p\u00fablico en Par\u00eds durante una marcha de protesta contra los ajustes de Macr\u00f3n.<\/strong><\/h1>\n<h1 dir=\"auto\"><strong>Un ensayo de \u00e9poca muy l\u00facido y valiente. Ver una peli un domingo de lluvia al final de la tarde en <span class=\"html-span xdj266r x11i5rnm xat24cr x1mh8g0r xexx8yu x4uap5 x18d9i69 xkhd6sd x1hl2dhg x16tdsg8 x1vvkbs\"><a class=\"x1i10hfl xjbqb8w x1ejq31n xd10rxx x1sy0etr x17r0tee x972fbf xcfux6l x1qhh985 xm0m39n x9f619 x1ypdohk xt0psk2 xe8uvvx xdj266r x11i5rnm xat24cr x1mh8g0r xexx8yu x4uap5 x18d9i69 xkhd6sd x16tdsg8 x1hl2dhg xggy1nq x1a2a7pz xkrqix3 x1sur9pj x1fey0fg x1s688f\" role=\"link\" href=\"https:\/\/www.facebook.com\/cineelcairo?__cft__[0]=AZWgWjPvk0tXNVBiu6wt9zRLjnTH6YcSaiGgyX3Ru4Y659mMI9g7z8byWGv7v3k_DncQE3L5G4WP-NtT5f3o6P_SlFOQF4-qyXaQPSJMNcNL2WCSjJl_Sy7xcV6yCrS8ktQ088EouibR2GoybzBS7nlUdXlF_C_PCk1hpwOKTpb-Lw&amp;__tn__=-]K-R\"><span class=\"xt0psk2\"><span class=\"xjp7ctv\">Cine El Cairo<\/span><\/span><\/a><\/span>, es una experiencia muy po\u00e9tica (encima yo hab\u00eda estado viendo por segunda vez EL SOL DEL PORVENIR, de Nanni Moretti), porque la comunidad de espectadores de los domingos somos familiares, habitu\u00e9s, fans de cine europeo: esos deliciosos personajes de Peter Altenberg o de Fellini, o el propio Peter, con su barba larga, en bermudas (ayer) y sandalias un d\u00eda ya casi de invierno. Y el Chino Fern\u00e1ndez Costa y Dora Su\u00e1rez, y casi todo el curso de los martes en la biblioteca o en la Asociaci\u00f3n M\u00e9dica o en Empleados de Comercio.<\/strong><\/h1>\n<h1 dir=\"auto\"><strong>.<\/strong><\/h1>\n<h1 dir=\"auto\"><strong>En mitad de la proyecci\u00f3n, cual film de Tornattore, aparecieron dos palomas en la sala, volando de la pantalla a la sala de proyecci\u00f3n. Todos nos re\u00edmos con algarab\u00eda. Fue un instante, como si estuviera preparado. Hicieron su entrada, taparon un instante la lente, y desaparecieron. Sirvi\u00f3 para aliviar lo que pasaba en la pantalla, que no daba respiro. Busquen esa peli, no se pierdan de conocer a <span class=\"html-span xdj266r x11i5rnm xat24cr x1mh8g0r xexx8yu x4uap5 x18d9i69 xkhd6sd x1hl2dhg x16tdsg8 x1vvkbs\"><a class=\"x1i10hfl xjbqb8w x1ejq31n xd10rxx x1sy0etr x17r0tee x972fbf xcfux6l x1qhh985 xm0m39n x9f619 x1ypdohk xt0psk2 xe8uvvx xdj266r x11i5rnm xat24cr x1mh8g0r xexx8yu x4uap5 x18d9i69 xkhd6sd x16tdsg8 x1hl2dhg xggy1nq x1a2a7pz xkrqix3 x1sur9pj x1fey0fg x1s688f\" role=\"link\" href=\"https:\/\/www.facebook.com\/hashtag\/kim?__eep__=6&amp;__cft__[0]=AZWgWjPvk0tXNVBiu6wt9zRLjnTH6YcSaiGgyX3Ru4Y659mMI9g7z8byWGv7v3k_DncQE3L5G4WP-NtT5f3o6P_SlFOQF4-qyXaQPSJMNcNL2WCSjJl_Sy7xcV6yCrS8ktQ088EouibR2GoybzBS7nlUdXlF_C_PCk1hpwOKTpb-Lw&amp;__tn__=*NK-R\">#KIM<\/a><\/span>, la actriz Aissatou Diallo Sagna, la hero\u00edna del film, que gan\u00f3 el Premio C\u00e9sar por su trabajo.<\/strong><\/h1>\n<h1 dir=\"auto\"><strong>\u00abEn medio de una protesta de los chalecos amarillos, con un hospital p\u00fablico saturado con los heridos, hay una pareja que se est\u00e1 separando (Valeria y Marina&#8230; \u00ablesbianas hijas de puta\u00bb, dijo una se\u00f1ora mayor sentada detr\u00e1s nuestro&#8230;) y el hospital se va convirtiendo en un pandemonio, y al mismo tiempo, en un refugio de los manifestantes duramente reprimidos y en una gran met\u00e1fora del mundo actual. All\u00ed destella la enfermera KIM, que hace seis d\u00edas que no sale de la guardia&#8230;\u00bb !!!<\/strong><\/h1>\n<h1><strong>.<\/strong><\/h1>\n<h1><span style=\"color: #800000\">Marcelo Scalona.<a href=\"http:\/\/marceloscalona.com.ar\/wp-content\/uploads\/2025\/04\/la-fracture_image-une-fiche-film.jpg\"><img loading=\"lazy\" decoding=\"async\" class=\"alignnone size-medium wp-image-10196\" src=\"http:\/\/marceloscalona.com.ar\/wp-content\/uploads\/2025\/04\/la-fracture_image-une-fiche-film-188x104.jpg\" alt=\"\" width=\"188\" height=\"104\" srcset=\"http:\/\/marceloscalona.com.ar\/wp-content\/uploads\/2025\/04\/la-fracture_image-une-fiche-film-188x104.jpg 188w, http:\/\/marceloscalona.com.ar\/wp-content\/uploads\/2025\/04\/la-fracture_image-une-fiche-film-494x274.jpg 494w, http:\/\/marceloscalona.com.ar\/wp-content\/uploads\/2025\/04\/la-fracture_image-une-fiche-film-768x426.jpg 768w, http:\/\/marceloscalona.com.ar\/wp-content\/uploads\/2025\/04\/la-fracture_image-une-fiche-film-800x444.jpg 800w, http:\/\/marceloscalona.com.ar\/wp-content\/uploads\/2025\/04\/la-fracture_image-une-fiche-film.jpg 1038w\" sizes=\"auto, (max-width: 188px) 100vw, 188px\" \/><\/a><\/span><\/h1>\n<\/div>\n<\/div>\n<\/div>\n<\/div>\n<\/div>\n<\/div>\n<div class=\"html-div xdj266r x11i5rnm xat24cr x1mh8g0r xexx8yu x4uap5 x18d9i69 xkhd6sd x1n2onr6\">\n<div class=\"x6s0dn4 x1jx94hy x78zum5 xdt5ytf x6ikm8r x10wlt62 x1n2onr6 xh8yej3\">\n<div>\n<div class=\"xqtp20y x6ikm8r x10wlt62 x1n2onr6\">\n<div class=\"x10l6tqk x13vifvy\"><\/div>\n<\/div>\n<\/div>\n<\/div>\n<div class=\"x1nb4dca x1q0q8m5 xso031l x1exxf4d x13fuv20 x178xt8z x1ey2m1c xds687c x17qophe x47corl x10l6tqk x13vifvy\"><\/div>\n<div class=\"x1ey2m1c xds687c x17qophe xg01cxk x47corl x10l6tqk x13vifvy x1ebt8du x19991ni x1dhq9h x1o1ewxj x3x9cwd x1e5q0jg x13rtm0m\" role=\"none\" data-visualcompletion=\"ignore\"><\/div>\n<\/div>\n<\/div>\n<div>\n<div class=\"xabvvm4 xeyy32k x1ia1hqs x1a2w583 x6ikm8r x10wlt62\" data-visualcompletion=\"ignore-dynamic\">\n<div>\n<div>\n<div>\n<div class=\"x1n2onr6\">\n<div class=\"x6s0dn4 xi81zsa x78zum5 x6prxxf x13a6bvl xvq8zen xdj266r xat24cr xkhd6sd x4uap5 x80vd3b x1q0q8m5 xso031l x16n37ib xq8finb x10b6aqq x1yrsyyn\">\n<h1 class=\"x9f619 x1ja2u2z x78zum5 x2lah0s x1n2onr6 x1qughib x1qjc9v5 xozqiw3 x1q0g3np xykv574 xbmpl8g x4cne27 xifccgj x123j3cw xs9asl8\"><\/h1>\n<\/div>\n<\/div>\n<\/div>\n<\/div>\n<\/div>\n<\/div>\n<\/div>\n","protected":false},"excerpt":{"rendered":"<p>LA FRACTURA . Anoche fuimos con Ana al Cine El Cairo a ver este pedazo de film, LA FRACTURA (Catherine Corsini, 2021 Fr.) bello, feroz, [&hellip;]<\/p>\n","protected":false},"author":8,"featured_media":0,"comment_status":"open","ping_status":"open","sticky":false,"template":"","format":"standard","meta":{"footnotes":""},"categories":[3],"tags":[],"class_list":["post-10195","post","type-post","status-publish","format-standard","hentry","category-taller"],"_links":{"self":[{"href":"http:\/\/marceloscalona.com.ar\/index.php?rest_route=\/wp\/v2\/posts\/10195","targetHints":{"allow":["GET"]}}],"collection":[{"href":"http:\/\/marceloscalona.com.ar\/index.php?rest_route=\/wp\/v2\/posts"}],"about":[{"href":"http:\/\/marceloscalona.com.ar\/index.php?rest_route=\/wp\/v2\/types\/post"}],"author":[{"embeddable":true,"href":"http:\/\/marceloscalona.com.ar\/index.php?rest_route=\/wp\/v2\/users\/8"}],"replies":[{"embeddable":true,"href":"http:\/\/marceloscalona.com.ar\/index.php?rest_route=%2Fwp%2Fv2%2Fcomments&post=10195"}],"version-history":[{"count":1,"href":"http:\/\/marceloscalona.com.ar\/index.php?rest_route=\/wp\/v2\/posts\/10195\/revisions"}],"predecessor-version":[{"id":10197,"href":"http:\/\/marceloscalona.com.ar\/index.php?rest_route=\/wp\/v2\/posts\/10195\/revisions\/10197"}],"wp:attachment":[{"href":"http:\/\/marceloscalona.com.ar\/index.php?rest_route=%2Fwp%2Fv2%2Fmedia&parent=10195"}],"wp:term":[{"taxonomy":"category","embeddable":true,"href":"http:\/\/marceloscalona.com.ar\/index.php?rest_route=%2Fwp%2Fv2%2Fcategories&post=10195"},{"taxonomy":"post_tag","embeddable":true,"href":"http:\/\/marceloscalona.com.ar\/index.php?rest_route=%2Fwp%2Fv2%2Ftags&post=10195"}],"curies":[{"name":"wp","href":"https:\/\/api.w.org\/{rel}","templated":true}]}}