{"id":10272,"date":"2025-05-28T17:50:59","date_gmt":"2025-05-28T20:50:59","guid":{"rendered":"http:\/\/marceloscalona.com.ar\/?p=10272"},"modified":"2025-05-28T17:50:59","modified_gmt":"2025-05-28T20:50:59","slug":"cine-y-literatura-bib-argentina","status":"publish","type":"post","link":"http:\/\/marceloscalona.com.ar\/?p=10272","title":{"rendered":"Cine y Literatura Bib Argentina"},"content":{"rendered":"<h1 dir=\"auto\"><\/h1>\n<h1 dir=\"auto\">.<a href=\"http:\/\/marceloscalona.com.ar\/wp-content\/uploads\/2025\/05\/cine-y-libros-BA.jpg\"><img loading=\"lazy\" decoding=\"async\" class=\"alignnone size-medium wp-image-10273\" src=\"http:\/\/marceloscalona.com.ar\/wp-content\/uploads\/2025\/05\/cine-y-libros-BA-133x188.jpg\" alt=\"\" width=\"133\" height=\"188\" srcset=\"http:\/\/marceloscalona.com.ar\/wp-content\/uploads\/2025\/05\/cine-y-libros-BA-133x188.jpg 133w, http:\/\/marceloscalona.com.ar\/wp-content\/uploads\/2025\/05\/cine-y-libros-BA-349x494.jpg 349w, http:\/\/marceloscalona.com.ar\/wp-content\/uploads\/2025\/05\/cine-y-libros-BA-768x1087.jpg 768w, http:\/\/marceloscalona.com.ar\/wp-content\/uploads\/2025\/05\/cine-y-libros-BA-424x600.jpg 424w, http:\/\/marceloscalona.com.ar\/wp-content\/uploads\/2025\/05\/cine-y-libros-BA.jpg 904w\" sizes=\"auto, (max-width: 133px) 100vw, 133px\" \/><\/a><\/h1>\n<h1 dir=\"auto\"><strong>Desde martes 3 de junio, 18 a 20,30 hs seguimos con nuestro curso CINE Y LITERATURA en la Biblioteca Argentina Dr. Juan \u00c1lvarez, SUM GORODISCHER, 4to. piso, libre y gratuito.<\/strong><\/h1>\n<h1 dir=\"auto\"><strong>LIBROS QUE SON FILMS, PEL\u00cdCULAS PARA LEER&#8230; (Godard)<\/strong><\/h1>\n<h1 dir=\"auto\"><strong>porque lo que yo quer\u00eda estudiar, no exist\u00eda, yo no quer\u00eda hacer pel\u00edculas, ni escribirlas, lo que yo quer\u00eda era estudiar para ver pel\u00edculas, lo que yo deseaba era ver cine, no salir de la sala, como estudio ser\u00eda una especie de licenciatura en ver films (Manuel Puig, entrevista)<\/strong><\/h1>\n<h1 dir=\"auto\"><strong>Empezamos el pr\u00f3ximo martes con EL RELOJERO DE SAINT PAUL, dirigida por Bertrand Tavernier basada en la novela policial de Georges Simen\u00f3n.<\/strong><\/h1>\n","protected":false},"excerpt":{"rendered":"<p>. Desde martes 3 de junio, 18 a 20,30 hs seguimos con nuestro curso CINE Y LITERATURA en la Biblioteca Argentina Dr. Juan \u00c1lvarez, SUM [&hellip;]<\/p>\n","protected":false},"author":8,"featured_media":0,"comment_status":"open","ping_status":"open","sticky":false,"template":"","format":"standard","meta":{"footnotes":""},"categories":[3],"tags":[],"class_list":["post-10272","post","type-post","status-publish","format-standard","hentry","category-taller"],"_links":{"self":[{"href":"http:\/\/marceloscalona.com.ar\/index.php?rest_route=\/wp\/v2\/posts\/10272","targetHints":{"allow":["GET"]}}],"collection":[{"href":"http:\/\/marceloscalona.com.ar\/index.php?rest_route=\/wp\/v2\/posts"}],"about":[{"href":"http:\/\/marceloscalona.com.ar\/index.php?rest_route=\/wp\/v2\/types\/post"}],"author":[{"embeddable":true,"href":"http:\/\/marceloscalona.com.ar\/index.php?rest_route=\/wp\/v2\/users\/8"}],"replies":[{"embeddable":true,"href":"http:\/\/marceloscalona.com.ar\/index.php?rest_route=%2Fwp%2Fv2%2Fcomments&post=10272"}],"version-history":[{"count":1,"href":"http:\/\/marceloscalona.com.ar\/index.php?rest_route=\/wp\/v2\/posts\/10272\/revisions"}],"predecessor-version":[{"id":10274,"href":"http:\/\/marceloscalona.com.ar\/index.php?rest_route=\/wp\/v2\/posts\/10272\/revisions\/10274"}],"wp:attachment":[{"href":"http:\/\/marceloscalona.com.ar\/index.php?rest_route=%2Fwp%2Fv2%2Fmedia&parent=10272"}],"wp:term":[{"taxonomy":"category","embeddable":true,"href":"http:\/\/marceloscalona.com.ar\/index.php?rest_route=%2Fwp%2Fv2%2Fcategories&post=10272"},{"taxonomy":"post_tag","embeddable":true,"href":"http:\/\/marceloscalona.com.ar\/index.php?rest_route=%2Fwp%2Fv2%2Ftags&post=10272"}],"curies":[{"name":"wp","href":"https:\/\/api.w.org\/{rel}","templated":true}]}}