{"id":10284,"date":"2025-06-07T11:27:26","date_gmt":"2025-06-07T14:27:26","guid":{"rendered":"http:\/\/marceloscalona.com.ar\/?p=10284"},"modified":"2025-06-07T11:27:26","modified_gmt":"2025-06-07T14:27:26","slug":"una-teoria-del-periodismo","status":"publish","type":"post","link":"http:\/\/marceloscalona.com.ar\/?p=10284","title":{"rendered":"Una teor\u00eda del periodismo"},"content":{"rendered":"<div class=\"html-div xdj266r x14z9mp xat24cr x1lziwak xexx8yu xyri2b x18d9i69 x1c1uobl\">\n<div class=\"html-div xdj266r x14z9mp xat24cr x1lziwak xexx8yu xyri2b x18d9i69 x1c1uobl\" dir=\"auto\">\n<div class=\"html-div xdj266r x14z9mp xat24cr x1lziwak xexx8yu xyri2b x18d9i69 x1c1uobl\" data-ad-rendering-role=\"story_message\">\n<div id=\"_R_lanamladaammjabiqapapd5aqH2_\" class=\"x1l90r2v x1iorvi4 x1g0dm76 xpdmqnj\" data-ad-comet-preview=\"message\" data-ad-preview=\"message\">\n<div class=\"x78zum5 xdt5ytf xz62fqu x16ldp7u\">\n<div class=\"xu06os2 x1ok221b\">\n<div class=\"html-div xdj266r x14z9mp xat24cr x1lziwak xexx8yu xyri2b x18d9i69 x1c1uobl\">\n<div class=\"xdj266r x14z9mp xat24cr x1lziwak x1vvkbs x126k92a\">\n<h1 dir=\"auto\">.<a href=\"http:\/\/marceloscalona.com.ar\/wp-content\/uploads\/2025\/06\/1000410006-scaled.jpg\"><img loading=\"lazy\" decoding=\"async\" class=\"alignnone size-medium wp-image-10285\" src=\"http:\/\/marceloscalona.com.ar\/wp-content\/uploads\/2025\/06\/1000410006-188x106.jpg\" alt=\"\" width=\"188\" height=\"106\" srcset=\"http:\/\/marceloscalona.com.ar\/wp-content\/uploads\/2025\/06\/1000410006-188x106.jpg 188w, http:\/\/marceloscalona.com.ar\/wp-content\/uploads\/2025\/06\/1000410006-494x278.jpg 494w, http:\/\/marceloscalona.com.ar\/wp-content\/uploads\/2025\/06\/1000410006-768x432.jpg 768w, http:\/\/marceloscalona.com.ar\/wp-content\/uploads\/2025\/06\/1000410006-1536x864.jpg 1536w, http:\/\/marceloscalona.com.ar\/wp-content\/uploads\/2025\/06\/1000410006-2048x1152.jpg 2048w, http:\/\/marceloscalona.com.ar\/wp-content\/uploads\/2025\/06\/1000410006-800x450.jpg 800w\" sizes=\"auto, (max-width: 188px) 100vw, 188px\" \/><\/a><\/h1>\n<h1 dir=\"auto\"><strong>UNA TEOR\u00cdA DEL PERIODISMO Y FELIZ D\u00cdA. <\/strong><\/h1>\n<h1 dir=\"auto\"><strong>(<span class=\"html-span xdj266r x14z9mp xat24cr x1lziwak xexx8yu xyri2b x18d9i69 x1c1uobl x1hl2dhg x16tdsg8 x1vvkbs\"><a class=\"x1i10hfl xjbqb8w x1ejq31n x18oe1m7 x1sy0etr xstzfhl x972fbf x10w94by x1qhh985 x14e42zd x9f619 x1ypdohk xt0psk2 xe8uvvx xdj266r x14z9mp xat24cr x1lziwak xexx8yu xyri2b x18d9i69 x1c1uobl x16tdsg8 x1hl2dhg xggy1nq x1a2a7pz xkrqix3 x1sur9pj x1fey0fg x1s688f\" role=\"link\" href=\"https:\/\/www.facebook.com\/www.marceloscalona.com.ar?__cft__[0]=AZWczd0L2u4qByP8ptfpvzVsZ0C-IrXyzuECJynEQMfBMVFU7JqxNQ8qK2XRueJO_ehZ0n9HylzKvsAFFVnVlRohZU7eclarUu-eTV-ILT3xygiIbd2wltOISQNLo8lNj5xwAvY5qhdjDQMy9EWV00NDJAqVMPopXt-t1TRb8DZotg&amp;__tn__=-]K-R\"><span class=\"xt0psk2\"><span class=\"xjp7ctv\">Marcelo Scalona<\/span><\/span><\/a><\/span>)<\/strong><\/h1>\n<h1 dir=\"auto\"><strong>\u00abEl cable urgente dec\u00eda: en las afueras de Querelquelche, pueblo de la regi\u00f3n de Nunes, esta madrugada, aunque la hora es imprecisa, se encontr\u00f3 el cad\u00e1ver de un hombre (presumiblemente), asesinado. Se le hall\u00f3 semidesnudo, con el rostro arrasado de golpes con alg\u00fan objeto contundente (pala, adoqu\u00edn, culata de Fal), sangrante, y muchos orificios de bala, en torso, espalda y miembros superiores e inferiores. Ya no sangraba a la hora del hallazgo de las autoridades (que suele ser mucho m\u00e1s tarde del suceso, pues al lugar del hecho suelen llegar primero los curiosos, incluso los m\u00f3viles period\u00edsticos, y reci\u00e9n m\u00e1s tarde, y como poco, a las dos horas, la polic\u00eda y las ambulancias, toda vez que el testigo y denunciante, Ismael Andino, alba\u00f1il de profesi\u00f3n, vecino de Tunuy\u00e1n, denunciara, una hora m\u00e1s tarde en el destacamento vial del pueblo, que hacia el kil\u00f3metro doce (todo aproximado, variable y desle\u00eddo), en una aguada lindante al camino nacional n\u00famero 7, hab\u00eda entrevisto un bulto quieto de un animal semihundido, el que finalmente le result\u00f3 un ser humano, masculino, para m\u00e1s certeza, y que se trataba de la v\u00edctima, aunque esto no es del todo seguro, dijo Ismael, porque nadie sabe las circunstancias de una muerte, si fueran justas, necesarias, accidentales o inevitables.<\/strong><\/h1>\n<h1 dir=\"auto\"><strong>Ya era la tarde de ese d\u00eda y el cuerpo segu\u00eda tirado en la zanja a la espera de otros polic\u00edas, unos que se llaman inspectores, peritos, jueces, secretarios y todo un equipo con aparatos de tomar huellas, luminol en el desierto, normas y jergas. Solo en poner el gazebo se tardaron dos horas y al final lleg\u00f3 la noche y a\u00fan no hab\u00edan empezado la pesquisa, la investigaci\u00f3n que tratar\u00e1 de discernir c\u00f3mo fueron las cosas y luego, indicar\u00e1 qu\u00e9 habr\u00e1 de hacerse para saber el resto, y quiz\u00e1 poner remedio, o un acto de justicia, o al menos, algo que arrime a la verdad, si es que tal cosa existe o al menos, brindar algunas explicaciones, o interpretaciones, algo m\u00e1s serio que esas otras veces en que toda la desgracia se atribuye a lobizones, luces malas, la fatalidad o una cosa tan resfalosa como el cuchillito de Ascasubi, que a prop\u00f3sito, era de esta zona: \u00abun lugar de la pampa de cuyo nombre no quiero acordarme\u00bb.<\/strong><\/h1>\n<h1 dir=\"auto\"><strong>&#8211;\u00bfY ust\u00e9, qu\u00e9 dice Ismael&#8230;?-coment\u00f3 el ujier-. Seg\u00fan todas las evidencias, Mariano Moreno no se ahog\u00f3 aquel d\u00eda, y menos que Saavedra no lo odiara tanto. Moreno sali\u00f3 a nadar al oc\u00e9ano, le gustaba hacer deportes, Guadalupe Cuenca lo ten\u00eda cortito con la dieta. Mucho del estilo crawl, mariposa y espalda. Ya habr\u00e1 llegado el revoltoso a las costas de Namibia o de Angola. No se aflija Ismael. Ma\u00f1ana enviaremos un exhorto&#8230;!<\/strong><\/h1>\n<h1 dir=\"auto\"><strong>.<\/strong><\/h1>\n<h1 dir=\"auto\"><strong>.<\/strong><\/h1>\n<\/div>\n<\/div>\n<\/div>\n<\/div>\n<\/div>\n<\/div>\n<\/div>\n<div id=\"_R_lanamladaammjabiqapapd5aqH3_\" class=\"html-div xdj266r x14z9mp xat24cr x1lziwak xexx8yu xyri2b x18d9i69 x1c1uobl x1n2onr6\">\n<div class=\"html-div xdj266r x14z9mp xat24cr x1lziwak xexx8yu xyri2b x18d9i69 x1c1uobl x1n2onr6\">\n<div class=\"x6s0dn4 x1jx94hy x78zum5 xdt5ytf x6ikm8r x10wlt62 x1n2onr6 xh8yej3\">\n<div>\n<div class=\"xqtp20y x6ikm8r x10wlt62 x1n2onr6\">\n<h1 class=\"x10l6tqk x13vifvy\"><\/h1>\n<\/div>\n<\/div>\n<\/div>\n<div class=\"x1nb4dca x1q0q8m5 xso031l x1exxf4d x13fuv20 x178xt8z x1ey2m1c xds687c x17qophe x47corl x10l6tqk x13vifvy\"><\/div>\n<div class=\"x1ey2m1c xds687c x17qophe xg01cxk x47corl x10l6tqk x13vifvy x1ebt8du x19991ni x1dhq9h x1o1ewxj x3x9cwd x1e5q0jg x13rtm0m\" role=\"none\" data-visualcompletion=\"ignore\"><\/div>\n<\/div>\n<div class=\"html-div xdj266r x14z9mp xat24cr x1lziwak xexx8yu xyri2b x18d9i69 x1c1uobl x6ikm8r x10wlt62\"><\/div>\n<\/div>\n<\/div>\n","protected":false},"excerpt":{"rendered":"<p>. UNA TEOR\u00cdA DEL PERIODISMO Y FELIZ D\u00cdA. (Marcelo Scalona) \u00abEl cable urgente dec\u00eda: en las afueras de Querelquelche, pueblo de la regi\u00f3n de Nunes, [&hellip;]<\/p>\n","protected":false},"author":8,"featured_media":0,"comment_status":"open","ping_status":"open","sticky":false,"template":"","format":"standard","meta":{"footnotes":""},"categories":[3],"tags":[],"class_list":["post-10284","post","type-post","status-publish","format-standard","hentry","category-taller"],"_links":{"self":[{"href":"http:\/\/marceloscalona.com.ar\/index.php?rest_route=\/wp\/v2\/posts\/10284","targetHints":{"allow":["GET"]}}],"collection":[{"href":"http:\/\/marceloscalona.com.ar\/index.php?rest_route=\/wp\/v2\/posts"}],"about":[{"href":"http:\/\/marceloscalona.com.ar\/index.php?rest_route=\/wp\/v2\/types\/post"}],"author":[{"embeddable":true,"href":"http:\/\/marceloscalona.com.ar\/index.php?rest_route=\/wp\/v2\/users\/8"}],"replies":[{"embeddable":true,"href":"http:\/\/marceloscalona.com.ar\/index.php?rest_route=%2Fwp%2Fv2%2Fcomments&post=10284"}],"version-history":[{"count":1,"href":"http:\/\/marceloscalona.com.ar\/index.php?rest_route=\/wp\/v2\/posts\/10284\/revisions"}],"predecessor-version":[{"id":10286,"href":"http:\/\/marceloscalona.com.ar\/index.php?rest_route=\/wp\/v2\/posts\/10284\/revisions\/10286"}],"wp:attachment":[{"href":"http:\/\/marceloscalona.com.ar\/index.php?rest_route=%2Fwp%2Fv2%2Fmedia&parent=10284"}],"wp:term":[{"taxonomy":"category","embeddable":true,"href":"http:\/\/marceloscalona.com.ar\/index.php?rest_route=%2Fwp%2Fv2%2Fcategories&post=10284"},{"taxonomy":"post_tag","embeddable":true,"href":"http:\/\/marceloscalona.com.ar\/index.php?rest_route=%2Fwp%2Fv2%2Ftags&post=10284"}],"curies":[{"name":"wp","href":"https:\/\/api.w.org\/{rel}","templated":true}]}}