{"id":10298,"date":"2025-06-20T12:00:58","date_gmt":"2025-06-20T15:00:58","guid":{"rendered":"http:\/\/marceloscalona.com.ar\/?p=10298"},"modified":"2025-06-20T12:00:58","modified_gmt":"2025-06-20T15:00:58","slug":"belgrano-2","status":"publish","type":"post","link":"http:\/\/marceloscalona.com.ar\/?p=10298","title":{"rendered":"Belgrano"},"content":{"rendered":"<h1><\/h1>\n<h1>.<a href=\"http:\/\/marceloscalona.com.ar\/wp-content\/uploads\/2025\/06\/502520618_30146997814946307_4131233259154094007_n.jpg\"><img loading=\"lazy\" decoding=\"async\" class=\"alignnone size-medium wp-image-10299\" src=\"http:\/\/marceloscalona.com.ar\/wp-content\/uploads\/2025\/06\/502520618_30146997814946307_4131233259154094007_n-188x141.jpg\" alt=\"\" width=\"188\" height=\"141\" srcset=\"http:\/\/marceloscalona.com.ar\/wp-content\/uploads\/2025\/06\/502520618_30146997814946307_4131233259154094007_n-188x141.jpg 188w, http:\/\/marceloscalona.com.ar\/wp-content\/uploads\/2025\/06\/502520618_30146997814946307_4131233259154094007_n-494x371.jpg 494w, http:\/\/marceloscalona.com.ar\/wp-content\/uploads\/2025\/06\/502520618_30146997814946307_4131233259154094007_n-768x576.jpg 768w, http:\/\/marceloscalona.com.ar\/wp-content\/uploads\/2025\/06\/502520618_30146997814946307_4131233259154094007_n-1536x1152.jpg 1536w, http:\/\/marceloscalona.com.ar\/wp-content\/uploads\/2025\/06\/502520618_30146997814946307_4131233259154094007_n-800x600.jpg 800w, http:\/\/marceloscalona.com.ar\/wp-content\/uploads\/2025\/06\/502520618_30146997814946307_4131233259154094007_n.jpg 2048w\" sizes=\"auto, (max-width: 188px) 100vw, 188px\" \/><\/a><\/h1>\n<h1><strong>Eso que llamamos patria <\/strong><br \/>\n<strong>es un poema o una novela de ese hombre, <\/strong><br \/>\n<strong>General por un d\u00eda, <\/strong><br \/>\n<strong>abogado, pol\u00edtico, escritor, <\/strong><br \/>\n<strong>padre y madre de una ni\u00f1a, <\/strong><br \/>\n<strong>devoto de la virgen, <\/strong><br \/>\n<strong>capaz de usar unas calzas fl\u00fao en 1800 <\/strong><br \/>\n<strong>y detener a un ej\u00e9rcito profesional <\/strong><br \/>\n<strong>de cuatro mil gurkas <\/strong><br \/>\n<strong>mediante una fuga, <\/strong><br \/>\n<strong>la suya.<\/strong><br \/>\n<strong>.<\/strong><br \/>\n<strong>Y as\u00ed los detuvo, en Salta y Tucum\u00e1n<\/strong><br \/>\n<strong>con apenas 200 gauchos <\/strong><br \/>\n<strong>y un pu\u00f1ado de indios <\/strong><br \/>\n<strong>que despu\u00e9s olvidamos. <\/strong><br \/>\n<strong>La \u00fanica herencia que dej\u00f3 a la ni\u00f1a <\/strong><br \/>\n<strong>fue su apellido, <\/strong><br \/>\n<strong>el m\u00e1s noble de la historia argentina. <\/strong><br \/>\n<strong>Y si acaso un nombre no fuera algo real, <\/strong><br \/>\n<strong>por las dudas, <\/strong><br \/>\n<strong>tambi\u00e9n le dej\u00f3 un reloj, <\/strong><br \/>\n<strong>y s\u00f3lo eso: <\/strong><br \/>\n<strong>un relojito de faltriquera <\/strong><br \/>\n<strong>que a\u00fan avisa a la patria<\/strong><br \/>\n<strong>las mismas premuras de entonces.<\/strong><br \/>\n<strong>&#8211;S\u00ed, juro!<\/strong><br \/>\n<strong>.<\/strong><br \/>\n<strong>.<\/strong><br \/>\n<strong><span class=\"xv78j7m\">Marcelo<\/span>.<\/strong><br \/>\n<strong>.<\/strong><\/h1>\n","protected":false},"excerpt":{"rendered":"<p>. Eso que llamamos patria es un poema o una novela de ese hombre, General por un d\u00eda, abogado, pol\u00edtico, escritor, padre y madre de [&hellip;]<\/p>\n","protected":false},"author":8,"featured_media":0,"comment_status":"open","ping_status":"open","sticky":false,"template":"","format":"standard","meta":{"footnotes":""},"categories":[3],"tags":[],"class_list":["post-10298","post","type-post","status-publish","format-standard","hentry","category-taller"],"_links":{"self":[{"href":"http:\/\/marceloscalona.com.ar\/index.php?rest_route=\/wp\/v2\/posts\/10298","targetHints":{"allow":["GET"]}}],"collection":[{"href":"http:\/\/marceloscalona.com.ar\/index.php?rest_route=\/wp\/v2\/posts"}],"about":[{"href":"http:\/\/marceloscalona.com.ar\/index.php?rest_route=\/wp\/v2\/types\/post"}],"author":[{"embeddable":true,"href":"http:\/\/marceloscalona.com.ar\/index.php?rest_route=\/wp\/v2\/users\/8"}],"replies":[{"embeddable":true,"href":"http:\/\/marceloscalona.com.ar\/index.php?rest_route=%2Fwp%2Fv2%2Fcomments&post=10298"}],"version-history":[{"count":1,"href":"http:\/\/marceloscalona.com.ar\/index.php?rest_route=\/wp\/v2\/posts\/10298\/revisions"}],"predecessor-version":[{"id":10300,"href":"http:\/\/marceloscalona.com.ar\/index.php?rest_route=\/wp\/v2\/posts\/10298\/revisions\/10300"}],"wp:attachment":[{"href":"http:\/\/marceloscalona.com.ar\/index.php?rest_route=%2Fwp%2Fv2%2Fmedia&parent=10298"}],"wp:term":[{"taxonomy":"category","embeddable":true,"href":"http:\/\/marceloscalona.com.ar\/index.php?rest_route=%2Fwp%2Fv2%2Fcategories&post=10298"},{"taxonomy":"post_tag","embeddable":true,"href":"http:\/\/marceloscalona.com.ar\/index.php?rest_route=%2Fwp%2Fv2%2Ftags&post=10298"}],"curies":[{"name":"wp","href":"https:\/\/api.w.org\/{rel}","templated":true}]}}