{"id":10317,"date":"2025-07-01T12:22:15","date_gmt":"2025-07-01T15:22:15","guid":{"rendered":"http:\/\/marceloscalona.com.ar\/?p=10317"},"modified":"2025-07-01T12:22:15","modified_gmt":"2025-07-01T15:22:15","slug":"escribir-9-2","status":"publish","type":"post","link":"http:\/\/marceloscalona.com.ar\/?p=10317","title":{"rendered":"Escribir -9-"},"content":{"rendered":"<h1 dir=\"auto\">.<a href=\"http:\/\/marceloscalona.com.ar\/wp-content\/uploads\/2025\/07\/468223206_10235233207427532_7821070952046682216_n.jpg\"><img loading=\"lazy\" decoding=\"async\" class=\"alignnone size-medium wp-image-10318\" src=\"http:\/\/marceloscalona.com.ar\/wp-content\/uploads\/2025\/07\/468223206_10235233207427532_7821070952046682216_n-188x106.jpg\" alt=\"\" width=\"188\" height=\"106\" srcset=\"http:\/\/marceloscalona.com.ar\/wp-content\/uploads\/2025\/07\/468223206_10235233207427532_7821070952046682216_n-188x106.jpg 188w, http:\/\/marceloscalona.com.ar\/wp-content\/uploads\/2025\/07\/468223206_10235233207427532_7821070952046682216_n-494x278.jpg 494w, http:\/\/marceloscalona.com.ar\/wp-content\/uploads\/2025\/07\/468223206_10235233207427532_7821070952046682216_n-768x432.jpg 768w, http:\/\/marceloscalona.com.ar\/wp-content\/uploads\/2025\/07\/468223206_10235233207427532_7821070952046682216_n-800x450.jpg 800w, http:\/\/marceloscalona.com.ar\/wp-content\/uploads\/2025\/07\/468223206_10235233207427532_7821070952046682216_n.jpg 1440w\" sizes=\"auto, (max-width: 188px) 100vw, 188px\" \/><\/a><\/h1>\n<h1 dir=\"auto\"><strong>El tiempo de la escritura es subjetivo, limitado a un espacio de deseo frente al vac\u00edo. La imagen perfecta es Eladio Linacero en la pieza de pensi\u00f3n de El Pozo (Onetti, 1938). Unas horas que est\u00e1 pensando en nada concreto, haciendo un poco limpieza porque ya ni caminar se puede en esa especie de celda de silencio, buscando curiosidad en algo ajeno, extra\u00f1o, alg\u00fan recuerdo sucio en la mayor, una lectura, una noticia. Se ir\u00e1 la ma\u00f1ana en mirar pinturas de Odilon Redon, ideas de Agamben o de Mahler que lloraba cuando compon\u00eda.<\/strong><\/h1>\n<h1 dir=\"auto\"><strong>Aburrido, sale a la terraza, piensa si los malvones sobrevivir\u00e1n a la helada, el gato Nicky parece escarchado, vuelve a leer los perfiles de Andrea Lou y Ariana y como a las doce, el sol ya entibia algo, aparece Pedro el gato siam\u00e9s a tomar la leche.<\/strong><\/h1>\n<h1 dir=\"auto\"><strong>Por la ventana a la calle ve pasar peatones, autos, mendigos, comerciantes, todos son mortales, y la mayor\u00eda finge que no lo sabe. Escribir es salvar algo de la muerte o del olvido. Todo lo contrario a fingir demencia.<\/strong><\/h1>\n<h1 dir=\"auto\"><strong>Para escribir hay que esperar. Es la preparaci\u00f3n de algo opulento, una comida, una cama en invierno, una llama en el vac\u00edo, una f\u00e1bula que no altere nada del pasado y todo del futuro. Un arte del recorte: se lo vio hacer a su abuelo con los fuegos artificiales, a su modista con la campera rota en el accidente de moto, al jardinero en Pueblo Esther y a su abuela Mar\u00eda que deb\u00eda alimentar siete hijos hu\u00e9rfanos en una tierra bald\u00eda y ajena.<\/strong><\/h1>\n<h1 dir=\"auto\"><strong>Por ahora no tiene m\u00e1s que esto, la preparaci\u00f3n de un sitio, la espera, cosas que sospecha, imagina o cree. Desde ni\u00f1o vive as\u00ed, y ya es casi viejo: es la \u00fanica esperanza que jam\u00e1s lo ha traicionado.<\/strong><\/h1>\n<h1 dir=\"auto\"><strong>.<\/strong><\/h1>\n<h1 dir=\"auto\"><strong><span class=\"html-span xdj266r x14z9mp xat24cr x1lziwak xexx8yu xyri2b x18d9i69 x1c1uobl x1hl2dhg x16tdsg8 x1vvkbs\"><a class=\"x1i10hfl xjbqb8w x1ejq31n x18oe1m7 x1sy0etr xstzfhl x972fbf x10w94by x1qhh985 x14e42zd x9f619 x1ypdohk xt0psk2 xe8uvvx xdj266r x14z9mp xat24cr x1lziwak xexx8yu xyri2b x18d9i69 x1c1uobl x16tdsg8 x1hl2dhg xggy1nq x1a2a7pz xkrqix3 x1sur9pj x1fey0fg x1s688f\" role=\"link\" href=\"https:\/\/www.facebook.com\/scalona?__cft__[0]=AZXjhRspl5_xHCpumsdrNOmmFDrb1QBSSpEWHU1bBMDUr7kZsjFdTQq_HlwaGEjVh685QkdoJ4Ubp1a2meBTtziNloVMxj9euVFthiuejXj8OtzZPlpA5DAAUFG6i_95fhE&amp;__tn__=-]K-R\"><span class=\"xt0psk2\"><span class=\"xjp7ctv\">Marcelo<\/span><\/span><\/a><\/span>.<\/strong><\/h1>\n","protected":false},"excerpt":{"rendered":"<p>. El tiempo de la escritura es subjetivo, limitado a un espacio de deseo frente al vac\u00edo. La imagen perfecta es Eladio Linacero en la [&hellip;]<\/p>\n","protected":false},"author":8,"featured_media":0,"comment_status":"open","ping_status":"open","sticky":false,"template":"","format":"standard","meta":{"footnotes":""},"categories":[3],"tags":[],"class_list":["post-10317","post","type-post","status-publish","format-standard","hentry","category-taller"],"_links":{"self":[{"href":"http:\/\/marceloscalona.com.ar\/index.php?rest_route=\/wp\/v2\/posts\/10317","targetHints":{"allow":["GET"]}}],"collection":[{"href":"http:\/\/marceloscalona.com.ar\/index.php?rest_route=\/wp\/v2\/posts"}],"about":[{"href":"http:\/\/marceloscalona.com.ar\/index.php?rest_route=\/wp\/v2\/types\/post"}],"author":[{"embeddable":true,"href":"http:\/\/marceloscalona.com.ar\/index.php?rest_route=\/wp\/v2\/users\/8"}],"replies":[{"embeddable":true,"href":"http:\/\/marceloscalona.com.ar\/index.php?rest_route=%2Fwp%2Fv2%2Fcomments&post=10317"}],"version-history":[{"count":1,"href":"http:\/\/marceloscalona.com.ar\/index.php?rest_route=\/wp\/v2\/posts\/10317\/revisions"}],"predecessor-version":[{"id":10319,"href":"http:\/\/marceloscalona.com.ar\/index.php?rest_route=\/wp\/v2\/posts\/10317\/revisions\/10319"}],"wp:attachment":[{"href":"http:\/\/marceloscalona.com.ar\/index.php?rest_route=%2Fwp%2Fv2%2Fmedia&parent=10317"}],"wp:term":[{"taxonomy":"category","embeddable":true,"href":"http:\/\/marceloscalona.com.ar\/index.php?rest_route=%2Fwp%2Fv2%2Fcategories&post=10317"},{"taxonomy":"post_tag","embeddable":true,"href":"http:\/\/marceloscalona.com.ar\/index.php?rest_route=%2Fwp%2Fv2%2Ftags&post=10317"}],"curies":[{"name":"wp","href":"https:\/\/api.w.org\/{rel}","templated":true}]}}