{"id":10346,"date":"2025-07-26T20:00:57","date_gmt":"2025-07-26T23:00:57","guid":{"rendered":"http:\/\/marceloscalona.com.ar\/?p=10346"},"modified":"2025-07-26T20:00:57","modified_gmt":"2025-07-26T23:00:57","slug":"porretti-saer","status":"publish","type":"post","link":"http:\/\/marceloscalona.com.ar\/?p=10346","title":{"rendered":"Porretti &#8211; Saer"},"content":{"rendered":"<h1 dir=\"auto\">.<a href=\"http:\/\/marceloscalona.com.ar\/wp-content\/uploads\/2025\/07\/Porretti.jpg\"><img loading=\"lazy\" decoding=\"async\" class=\"alignnone size-medium wp-image-10347\" src=\"http:\/\/marceloscalona.com.ar\/wp-content\/uploads\/2025\/07\/Porretti-188x110.jpg\" alt=\"\" width=\"188\" height=\"110\" srcset=\"http:\/\/marceloscalona.com.ar\/wp-content\/uploads\/2025\/07\/Porretti-188x110.jpg 188w, http:\/\/marceloscalona.com.ar\/wp-content\/uploads\/2025\/07\/Porretti-494x290.jpg 494w, http:\/\/marceloscalona.com.ar\/wp-content\/uploads\/2025\/07\/Porretti-768x451.jpg 768w, http:\/\/marceloscalona.com.ar\/wp-content\/uploads\/2025\/07\/Porretti-800x469.jpg 800w, http:\/\/marceloscalona.com.ar\/wp-content\/uploads\/2025\/07\/Porretti.jpg 1520w\" sizes=\"auto, (max-width: 188px) 100vw, 188px\" \/><\/a><\/h1>\n<h1 dir=\"auto\"><strong>H<span style=\"color: #000000\">oy en Rosario con mi querido amigo, el escritor y embajador argentino EDUARDO PORRETTI que expone esta tarde en la Facultad de Ciencias Pol\u00edticas <span class=\"html-span xdj266r x14z9mp xat24cr x1lziwak xexx8yu xyri2b x18d9i69 x1c1uobl x1hl2dhg x16tdsg8 x1vvkbs\"><a class=\"x1i10hfl xjbqb8w x1ejq31n x18oe1m7 x1sy0etr xstzfhl x972fbf x10w94by x1qhh985 x14e42zd x9f619 x1ypdohk xt0psk2 xe8uvvx xdj266r x14z9mp xat24cr x1lziwak xexx8yu xyri2b x18d9i69 x1c1uobl x16tdsg8 x1hl2dhg xggy1nq x1a2a7pz xkrqix3 x1sur9pj x1fey0fg x1s688f\" style=\"color: #000000\" role=\"link\" href=\"https:\/\/www.facebook.com\/UNRoficial?__cft__[0]=AZVbn2RQlYaozIfswWuvVCJ8n3V2jBXpLPsm21ZFHFKw4tLpHUPHjilnL8B4LNb_WJOM65BaQIO_wkftqEFVM4wqldjh-wOdHLr4IpAD9SVlVe7YMXQYuPC2yqOucjGUTb-6hZB2MAMKhp7W9lJwjsGv&amp;__tn__=-]K-R\"><span class=\"xt0psk2\"><span class=\"xjp7ctv\">UNR &#8211; Universidad Nacional de Rosario<\/span><\/span><\/a><\/span>, y con el cual siempre cobijamos nuestra amistad en este texto de <span class=\"html-span xdj266r x14z9mp xat24cr x1lziwak xexx8yu xyri2b x18d9i69 x1c1uobl x1hl2dhg x16tdsg8 x1vvkbs\"><a class=\"x1i10hfl xjbqb8w x1ejq31n x18oe1m7 x1sy0etr xstzfhl x972fbf x10w94by x1qhh985 x14e42zd x9f619 x1ypdohk xt0psk2 xe8uvvx xdj266r x14z9mp xat24cr x1lziwak xexx8yu xyri2b x18d9i69 x1c1uobl x16tdsg8 x1hl2dhg xggy1nq x1a2a7pz xkrqix3 x1sur9pj x1fey0fg x1s688f\" style=\"color: #000000\" role=\"link\" href=\"https:\/\/www.facebook.com\/hashtag\/saer?__eep__=6&amp;__cft__[0]=AZVbn2RQlYaozIfswWuvVCJ8n3V2jBXpLPsm21ZFHFKw4tLpHUPHjilnL8B4LNb_WJOM65BaQIO_wkftqEFVM4wqldjh-wOdHLr4IpAD9SVlVe7YMXQYuPC2yqOucjGUTb-6hZB2MAMKhp7W9lJwjsGv&amp;__tn__=*NK-R\">#Saer<\/a><\/span><\/span><\/strong><\/h1>\n<h1 dir=\"auto\"><strong><span style=\"color: #000000\">.<\/span><\/strong><\/h1>\n<h1 dir=\"auto\"><strong><span style=\"color: #000000\">A RENZI<\/span><\/strong><\/h1>\n<h1 dir=\"auto\"><strong><span style=\"color: #000000\">Todo hombre es como el c\u00f3nsul de alguna patria que lo ha olvidado. Sabe, confuso, que se espera de \u00e9l alguna tarea, pero su conocimiento imperfecto lo inmoviliza. Sus actos se vuelven gestos vacios; sus viajes, errabundeo. Inciertas, las conversaciones lo dejan sucio de palabras. Intuye que tiene que estar aqu\u00ed y en ninguna otra parte, pero, si sabe m\u00e1s o menos c\u00f3mo lleg\u00f3, ignora por qu\u00e9. Si lo supiese, sus actos se volver\u00edan r\u00e1pidos y verticales, sus trayectorias, seguras y transparentes, como l\u00edneas<\/span><\/strong><\/h1>\n<h1 dir=\"auto\"><strong><span style=\"color: #000000\">imaginarias. No andar\u00eda atravesando, por el olvido del lugar familiar, el d\u00eda extra\u00f1o con su peso de incertidumbre y de vacilaciones. Ese d\u00eda extra\u00f1o contiene en s\u00ed todos los indicios de su origen. Desentra\u00f1andolo, se desentra\u00f1ar\u00eda a s\u00ed mismo. Todo lo que se manifiesta en la luz ardua se vuelve signo, rastro, y, para algunos, incluso mensaje. El c\u00f3nsul busca su patria en las formas que, indiferente, por simples cambios que derivan de su crecimiento, el d\u00eda deja entrever.<\/span><\/strong><\/h1>\n<h1 dir=\"auto\"><strong><span style=\"color: #000000\">Como el sentido se le escapa, poco a poco comprende que da lo mismo que llame a lo que est\u00e1 viendo percepciones o visiones. Con o sin alcohol, piensa a veces, el delirio, aunque cambie de forma, es uno e indivisible. Toda forma, por otra parte, bien mirada, es mancha, todo objeto compacto y n\u00edtido torbellino, todo momento<\/span><\/strong><\/h1>\n<h1 dir=\"auto\"><strong><span style=\"color: #000000\">calmo infinitud a la deriva. Hurac\u00e1n o brisa, siempre le est\u00e1 soplando en la cara, sin darle casi tiempo a parpadear, el viento de lo visible.<\/span><\/strong><\/h1>\n<h1 dir=\"auto\"><strong><span style=\"color: #000000\">Esa jungla de manchas, estables o cambiantes, de sonidos s\u00fabitos y r\u00e1pidos como detonaciones, de sensaciones \u00edntimas y familiares pero a menudo incomprensibles, no acaba nunca de aceptarlo o de adoptarlo, dure lo que dure su estad\u00eda perpleja.<\/span><\/strong><\/h1>\n<h1 dir=\"auto\"><strong><span style=\"color: #000000\">Cuando empiezan a ca\u00e9rsele el cabello o los dientes, o a debilit\u00e1rsele las piernas, o a envolverlo un sue\u00f1o m\u00e1s frecuente y m\u00e1s inmediato, el olvido del que padece se vuelve un poco m\u00e1s espeso gracias al propio olvido del c\u00f3nsul que, semiciego y<\/span><\/strong><\/h1>\n<h1 dir=\"auto\"><strong><span style=\"color: #000000\">maquinal, ya ha depuesto b\u00fasqueda, desilusi\u00f3n o reproche. De ese modo, abandona su d\u00eda distra\u00eddo y tal vez, sin atreverse a confesarlo, indiferente, para entrar en un silencio en el que no pocos creen adivinar, por fin, los ecos del viejo llamado.<\/span><\/strong><\/h1>\n<h1 dir=\"auto\"><strong><span style=\"color: #000000\">.<\/span><\/strong><\/h1>\n<h1 dir=\"auto\"><strong><span style=\"color: #000000\">Juan Jos\u00e9 Saer<\/span><\/strong><\/h1>\n<h1 dir=\"auto\"><strong><span style=\"color: #000000\">Paris, noviembre de 1982<\/span><\/strong><\/h1>\n","protected":false},"excerpt":{"rendered":"<p>. Hoy en Rosario con mi querido amigo, el escritor y embajador argentino EDUARDO PORRETTI que expone esta tarde en la Facultad de Ciencias Pol\u00edticas [&hellip;]<\/p>\n","protected":false},"author":8,"featured_media":0,"comment_status":"open","ping_status":"open","sticky":false,"template":"","format":"standard","meta":{"footnotes":""},"categories":[3],"tags":[],"class_list":["post-10346","post","type-post","status-publish","format-standard","hentry","category-taller"],"_links":{"self":[{"href":"http:\/\/marceloscalona.com.ar\/index.php?rest_route=\/wp\/v2\/posts\/10346","targetHints":{"allow":["GET"]}}],"collection":[{"href":"http:\/\/marceloscalona.com.ar\/index.php?rest_route=\/wp\/v2\/posts"}],"about":[{"href":"http:\/\/marceloscalona.com.ar\/index.php?rest_route=\/wp\/v2\/types\/post"}],"author":[{"embeddable":true,"href":"http:\/\/marceloscalona.com.ar\/index.php?rest_route=\/wp\/v2\/users\/8"}],"replies":[{"embeddable":true,"href":"http:\/\/marceloscalona.com.ar\/index.php?rest_route=%2Fwp%2Fv2%2Fcomments&post=10346"}],"version-history":[{"count":1,"href":"http:\/\/marceloscalona.com.ar\/index.php?rest_route=\/wp\/v2\/posts\/10346\/revisions"}],"predecessor-version":[{"id":10348,"href":"http:\/\/marceloscalona.com.ar\/index.php?rest_route=\/wp\/v2\/posts\/10346\/revisions\/10348"}],"wp:attachment":[{"href":"http:\/\/marceloscalona.com.ar\/index.php?rest_route=%2Fwp%2Fv2%2Fmedia&parent=10346"}],"wp:term":[{"taxonomy":"category","embeddable":true,"href":"http:\/\/marceloscalona.com.ar\/index.php?rest_route=%2Fwp%2Fv2%2Fcategories&post=10346"},{"taxonomy":"post_tag","embeddable":true,"href":"http:\/\/marceloscalona.com.ar\/index.php?rest_route=%2Fwp%2Fv2%2Ftags&post=10346"}],"curies":[{"name":"wp","href":"https:\/\/api.w.org\/{rel}","templated":true}]}}