{"id":10380,"date":"2025-08-16T11:27:02","date_gmt":"2025-08-16T14:27:02","guid":{"rendered":"http:\/\/marceloscalona.com.ar\/?p=10380"},"modified":"2025-08-24T13:32:56","modified_gmt":"2025-08-24T16:32:56","slug":"la-manana-ana","status":"publish","type":"post","link":"http:\/\/marceloscalona.com.ar\/?p=10380","title":{"rendered":"La ma\u00f1ana (Ana)"},"content":{"rendered":"<h1 dir=\"auto\">.<a href=\"http:\/\/marceloscalona.com.ar\/wp-content\/uploads\/2025\/08\/ana-marcel-00.jpg\"><img loading=\"lazy\" decoding=\"async\" class=\"alignnone size-medium wp-image-10392\" src=\"http:\/\/marceloscalona.com.ar\/wp-content\/uploads\/2025\/08\/ana-marcel-00-126x188.jpg\" alt=\"\" width=\"126\" height=\"188\" srcset=\"http:\/\/marceloscalona.com.ar\/wp-content\/uploads\/2025\/08\/ana-marcel-00-126x188.jpg 126w, http:\/\/marceloscalona.com.ar\/wp-content\/uploads\/2025\/08\/ana-marcel-00-331x494.jpg 331w, http:\/\/marceloscalona.com.ar\/wp-content\/uploads\/2025\/08\/ana-marcel-00-768x1146.jpg 768w, http:\/\/marceloscalona.com.ar\/wp-content\/uploads\/2025\/08\/ana-marcel-00-1029x1536.jpg 1029w, http:\/\/marceloscalona.com.ar\/wp-content\/uploads\/2025\/08\/ana-marcel-00-1372x2048.jpg 1372w, http:\/\/marceloscalona.com.ar\/wp-content\/uploads\/2025\/08\/ana-marcel-00-402x600.jpg 402w, http:\/\/marceloscalona.com.ar\/wp-content\/uploads\/2025\/08\/ana-marcel-00.jpg 1453w\" sizes=\"auto, (max-width: 126px) 100vw, 126px\" \/><\/a><\/h1>\n<h1 dir=\"auto\"><strong>LA MA\u00d1ANA<\/strong><\/h1>\n<h1 dir=\"auto\"><strong>&#8211;<\/strong><\/h1>\n<h1 dir=\"auto\"><strong>Edito un poema ajeno<\/strong><\/h1>\n<h1 dir=\"auto\"><strong>leo a Gl\u00fcck<\/strong><\/h1>\n<h1 dir=\"auto\"><strong>hablo con Ana<\/strong><\/h1>\n<h1 dir=\"auto\"><strong>recuerdo un di\u00e1logo de Caillou con Martina<\/strong><\/h1>\n<h1 dir=\"auto\"><strong>en esta misma pieza hace 10 a\u00f1os<\/strong><\/h1>\n<h1 dir=\"auto\"><strong>cuidando a mi madre.<\/strong><\/h1>\n<h1 dir=\"auto\"><strong>.<\/strong><\/h1>\n<h1 dir=\"auto\"><strong>Hablo con Ana<\/strong><\/h1>\n<h1 dir=\"auto\"><strong>miro el cataclismo Milei en la web<\/strong><\/h1>\n<h1 dir=\"auto\"><strong>la tele, el diario<\/strong><\/h1>\n<h1 dir=\"auto\"><strong>leo a Horacio Gonz\u00e1lez<\/strong><\/h1>\n<h1 dir=\"auto\"><strong>yo tambi\u00e9n estoy asustado.<\/strong><\/h1>\n<h1 dir=\"auto\"><strong>.<\/strong><\/h1>\n<h1 dir=\"auto\"><strong>Hablo con Ana<\/strong><\/h1>\n<h1 dir=\"auto\"><strong>la peque\u00f1a delicia<\/strong><\/h1>\n<h1 dir=\"auto\"><strong>en el terremoto: el cagazo de los pol\u00edticos<\/strong><\/h1>\n<h1 dir=\"auto\"><strong>les tron\u00f3 el escarmiento, cretinos,<\/strong><\/h1>\n<h1 dir=\"auto\"><strong>los m\u00e1s jodidos<\/strong><\/h1>\n<h1 dir=\"auto\"><strong>siempre<\/strong><\/h1>\n<h1 dir=\"auto\"><strong>somos nosotros.<\/strong><\/h1>\n<h1 dir=\"auto\"><strong>.<\/strong><\/h1>\n<h1 dir=\"auto\"><strong>Hablo con Ana<\/strong><\/h1>\n<h1 dir=\"auto\"><strong>ahora se dan cuenta que el pueblo no come<\/strong><\/h1>\n<h1 dir=\"auto\"><strong>\u00a1pobres son los que tienen trabajo&#8230;!<\/strong><\/h1>\n<h1 dir=\"auto\"><strong>Imaginate.<\/strong><\/h1>\n<h1 dir=\"auto\"><strong>Hartos de ver siempre a los mismos<\/strong><\/h1>\n<h1 dir=\"auto\"><strong>que no quieren ni saben ni les importa<\/strong><\/h1>\n<h1 dir=\"auto\"><strong>preparo una clase de poes\u00eda<\/strong><\/h1>\n<h1 dir=\"auto\"><strong>le contesto a Perico<\/strong><\/h1>\n<h1 dir=\"auto\"><strong>un par de libros de Homo Sapiens<\/strong><\/h1>\n<h1 dir=\"auto\"><strong>y hablo con Ana.<\/strong><\/h1>\n<h1 dir=\"auto\"><strong>.<\/strong><\/h1>\n<h1 dir=\"auto\"><strong>Hoy debemos cambiar un fluorescente en la sala<\/strong><\/h1>\n<h1 dir=\"auto\"><strong>de lectura accesible de la Biblioteca Argentina<\/strong><\/h1>\n<h1 dir=\"auto\"><strong>organizar sus talleres<\/strong><\/h1>\n<h1 dir=\"auto\"><strong>las visitas guiadas.<\/strong><\/h1>\n<h1 dir=\"auto\"><strong>Milei cerr\u00f3 el Ministerio de Cultura.<\/strong><\/h1>\n<h1 dir=\"auto\"><strong>Adorni no sabe qui\u00e9n es Maradona.<\/strong><\/h1>\n<h1 dir=\"auto\"><strong>Se r\u00eden cuando lo dicen. Se burlan.<\/strong><\/h1>\n<h1 dir=\"auto\"><strong>.<\/strong><\/h1>\n<h1 dir=\"auto\"><strong>Hablo con Ana<\/strong><\/h1>\n<h1 dir=\"auto\"><strong>un mill\u00f3n de ni\u00f1es que no cenan<\/strong><\/h1>\n<h1 dir=\"auto\"><strong>en el granero del mundo.<\/strong><\/h1>\n<h1 dir=\"auto\"><strong>A un punto por fin de otro waiver, blindaje o pr\u00e9stamo de la Baring Brother.<\/strong><\/h1>\n<h1 dir=\"auto\"><strong>A un punto de poder vender<\/strong><\/h1>\n<h1 dir=\"auto\"><strong>ese ri\u00f1\u00f3n viejo que me sobra<\/strong><\/h1>\n<h1 dir=\"auto\"><strong>o el pasaporte que me falta<\/strong><\/h1>\n<h1 dir=\"auto\"><strong>o cruzarme al chino y comprarme<\/strong><\/h1>\n<h1 dir=\"auto\"><strong>una AK 47 como hacen en Oklahoma.<\/strong><\/h1>\n<h1 dir=\"auto\"><strong>.<\/strong><\/h1>\n<h1 dir=\"auto\"><strong>Hablo con Ana<\/strong><\/h1>\n<h1 dir=\"auto\"><strong>muri\u00f3 Gena Rowlands<\/strong><\/h1>\n<h1 dir=\"auto\"><strong>Torrentes de amor<\/strong><\/h1>\n<h1 dir=\"auto\"><strong>nos har\u00edan falta&#8230;<\/strong><\/h1>\n<h1 dir=\"auto\"><strong>Y justo pasa por Ayolas el compraventero<\/strong><\/h1>\n<h1 dir=\"auto\"><strong>con su F 100 modelo 79 su meg\u00e1fono:<\/strong><\/h1>\n<h1 dir=\"auto\"><strong>compro colchones, lavarropas, heladeras.<\/strong><\/h1>\n<h1 dir=\"auto\"><strong>Compro todo al mejor precio.<\/strong><\/h1>\n<h1 dir=\"auto\"><strong>Venda, venda y v\u00e1yase.<\/strong><\/h1>\n<h1 dir=\"auto\"><strong>Somos balseros o pateros en tierra.<\/strong><\/h1>\n<h1 dir=\"auto\"><strong>Ya ni Lali nos defiende.<\/strong><\/h1>\n<h1 dir=\"auto\"><strong>Ni Viggo Mortensen.<\/strong><\/h1>\n<h1 dir=\"auto\"><strong>Vladimir y Estrag\u00f3n no consiguen ni una changa.<\/strong><\/h1>\n<h1 dir=\"auto\"><strong>Beckett tambi\u00e9n se hubiera vuelto mudo entre nosotros.<\/strong><\/h1>\n<h1 dir=\"auto\"><strong>Pero sigo hablando con Ana<\/strong><\/h1>\n<h1 dir=\"auto\"><strong>y salgo de mi casa querido.<\/strong><\/h1>\n<h1 dir=\"auto\"><strong>Pensado.<\/strong><\/h1>\n<h1 dir=\"auto\"><strong>Ense\u00f1ado.<\/strong><\/h1>\n<h1 dir=\"auto\"><strong>.<\/strong><\/h1>\n<h1 dir=\"auto\"><strong>.<\/strong><\/h1>\n<h1 dir=\"auto\"><strong><span class=\"html-span xdj266r x14z9mp xat24cr x1lziwak xexx8yu xyri2b x18d9i69 x1c1uobl x1hl2dhg x16tdsg8 x1vvkbs\"><a class=\"x1i10hfl xjbqb8w x1ejq31n x18oe1m7 x1sy0etr xstzfhl x972fbf x10w94by x1qhh985 x14e42zd x9f619 x1ypdohk xt0psk2 x3ct3a4 xdj266r x14z9mp xat24cr x1lziwak xexx8yu xyri2b x18d9i69 x1c1uobl x16tdsg8 x1hl2dhg xggy1nq x1a2a7pz xkrqix3 x1sur9pj x1fey0fg x1s688f\" role=\"link\" href=\"https:\/\/www.facebook.com\/marce.nomalumbre?__cft__[0]=AZVvHJPmXu1yYpX8siZ0Y3aLpeQvhi9rKQY7LdlfSTHz0mwFLcOscxpACWvWhF1m-c_p0WuAv6gGaly-kD3P0FbHsYV-6GA9O3tqpD0GufwZdT3-LDsDhpAKcBdceyPIwrYvmEfkgVRw1bwCdjLFBWJAYw3dunTqawTHOWxI1I6WiClNw4OheF_MRWE63RXNdKMcbsKeEiHU-bdhfwb_4V7P&amp;__tn__=-]KH-R\"><span class=\"xt0psk2\"><span class=\"xjp7ctv\">Marce<\/span><\/span><\/a><\/span>.<\/strong><\/h1>\n<h1 dir=\"auto\"><strong>.<\/strong><\/h1>\n","protected":false},"excerpt":{"rendered":"<p>. LA MA\u00d1ANA &#8211; Edito un poema ajeno leo a Gl\u00fcck hablo con Ana recuerdo un di\u00e1logo de Caillou con Martina en esta misma pieza [&hellip;]<\/p>\n","protected":false},"author":8,"featured_media":0,"comment_status":"open","ping_status":"open","sticky":false,"template":"","format":"standard","meta":{"footnotes":""},"categories":[3],"tags":[],"class_list":["post-10380","post","type-post","status-publish","format-standard","hentry","category-taller"],"_links":{"self":[{"href":"http:\/\/marceloscalona.com.ar\/index.php?rest_route=\/wp\/v2\/posts\/10380","targetHints":{"allow":["GET"]}}],"collection":[{"href":"http:\/\/marceloscalona.com.ar\/index.php?rest_route=\/wp\/v2\/posts"}],"about":[{"href":"http:\/\/marceloscalona.com.ar\/index.php?rest_route=\/wp\/v2\/types\/post"}],"author":[{"embeddable":true,"href":"http:\/\/marceloscalona.com.ar\/index.php?rest_route=\/wp\/v2\/users\/8"}],"replies":[{"embeddable":true,"href":"http:\/\/marceloscalona.com.ar\/index.php?rest_route=%2Fwp%2Fv2%2Fcomments&post=10380"}],"version-history":[{"count":4,"href":"http:\/\/marceloscalona.com.ar\/index.php?rest_route=\/wp\/v2\/posts\/10380\/revisions"}],"predecessor-version":[{"id":10393,"href":"http:\/\/marceloscalona.com.ar\/index.php?rest_route=\/wp\/v2\/posts\/10380\/revisions\/10393"}],"wp:attachment":[{"href":"http:\/\/marceloscalona.com.ar\/index.php?rest_route=%2Fwp%2Fv2%2Fmedia&parent=10380"}],"wp:term":[{"taxonomy":"category","embeddable":true,"href":"http:\/\/marceloscalona.com.ar\/index.php?rest_route=%2Fwp%2Fv2%2Fcategories&post=10380"},{"taxonomy":"post_tag","embeddable":true,"href":"http:\/\/marceloscalona.com.ar\/index.php?rest_route=%2Fwp%2Fv2%2Ftags&post=10380"}],"curies":[{"name":"wp","href":"https:\/\/api.w.org\/{rel}","templated":true}]}}