{"id":10417,"date":"2025-09-27T13:06:54","date_gmt":"2025-09-27T16:06:54","guid":{"rendered":"http:\/\/marceloscalona.com.ar\/?p=10417"},"modified":"2025-09-27T13:06:58","modified_gmt":"2025-09-27T16:06:58","slug":"que-es-el-viento","status":"publish","type":"post","link":"http:\/\/marceloscalona.com.ar\/?p=10417","title":{"rendered":"Qu\u00e9 es el viento ?"},"content":{"rendered":"<h1>.<a href=\"http:\/\/marceloscalona.com.ar\/wp-content\/uploads\/2025\/09\/1000508332-scaled.jpg\"><img loading=\"lazy\" decoding=\"async\" class=\"alignnone size-medium wp-image-10418\" src=\"http:\/\/marceloscalona.com.ar\/wp-content\/uploads\/2025\/09\/1000508332-125x188.jpg\" alt=\"\" width=\"125\" height=\"188\" srcset=\"http:\/\/marceloscalona.com.ar\/wp-content\/uploads\/2025\/09\/1000508332-125x188.jpg 125w, http:\/\/marceloscalona.com.ar\/wp-content\/uploads\/2025\/09\/1000508332-328x494.jpg 328w, http:\/\/marceloscalona.com.ar\/wp-content\/uploads\/2025\/09\/1000508332-768x1157.jpg 768w, http:\/\/marceloscalona.com.ar\/wp-content\/uploads\/2025\/09\/1000508332-1019x1536.jpg 1019w, http:\/\/marceloscalona.com.ar\/wp-content\/uploads\/2025\/09\/1000508332-1359x2048.jpg 1359w, http:\/\/marceloscalona.com.ar\/wp-content\/uploads\/2025\/09\/1000508332-398x600.jpg 398w, http:\/\/marceloscalona.com.ar\/wp-content\/uploads\/2025\/09\/1000508332-scaled.jpg 1699w\" sizes=\"auto, (max-width: 125px) 100vw, 125px\" \/><\/a><\/h1>\n<h1><strong>\u00bfC\u00f3mo le ir\u00e1 con este viento al callistemon de Pueblo Esther ? \u00bfC\u00f3mo le ir\u00e1 al rius de Martina? El viento ayuda a repartir calor y energ\u00eda. Es figura de esp\u00edritu y fuerza. Todas las cosas libres, bellas y poderosas de la vida, van al viento. Ondean, flamean, vuelan. <\/strong><\/h1>\n<h1><strong>Tienen soplo, aliento, brisa, voz y beso.<\/strong><\/h1>\n<h1><strong>Un movimiento de masas de aire sobre el suelo, que depende de la rotaci\u00f3n de la tierra, del calor del sol, y del contraste entre fr\u00edo y calor del aire. Transporta<\/strong> <strong>polen y semillas, produce energ\u00eda que puede acumularse, hace girar esos pirulines de hierro que se siembran entre los campos. Con una veleta, el viento dice d\u00f3nde est\u00e1n el Sur, el Norte, el Este y el Oeste.<\/strong><\/h1>\n<h1><strong>Mis preferidos son los alisios, los vientos que soplan de los tr\u00f3picos al Ecuador y de Este a Oeste. <\/strong><\/h1>\n<h1><strong>Y los d\u00edas ventosos, salgo a correr y a saltar en alg\u00fan bald\u00edo que ya no queda, en la plaza, o en el parque, con la secreta esperanza de volarme yo tambi\u00e9n como la vieja cometa azul y roja de la infancia.<\/strong><\/h1>\n<h1><strong>Marce<\/strong><\/h1>\n<h1><strong>26-09-25<\/strong><\/h1>\n","protected":false},"excerpt":{"rendered":"<p>. \u00bfC\u00f3mo le ir\u00e1 con este viento al callistemon de Pueblo Esther ? \u00bfC\u00f3mo le ir\u00e1 al rius de Martina? El viento ayuda a repartir [&hellip;]<\/p>\n","protected":false},"author":8,"featured_media":0,"comment_status":"open","ping_status":"open","sticky":false,"template":"","format":"standard","meta":{"footnotes":""},"categories":[3],"tags":[],"class_list":["post-10417","post","type-post","status-publish","format-standard","hentry","category-taller"],"_links":{"self":[{"href":"http:\/\/marceloscalona.com.ar\/index.php?rest_route=\/wp\/v2\/posts\/10417","targetHints":{"allow":["GET"]}}],"collection":[{"href":"http:\/\/marceloscalona.com.ar\/index.php?rest_route=\/wp\/v2\/posts"}],"about":[{"href":"http:\/\/marceloscalona.com.ar\/index.php?rest_route=\/wp\/v2\/types\/post"}],"author":[{"embeddable":true,"href":"http:\/\/marceloscalona.com.ar\/index.php?rest_route=\/wp\/v2\/users\/8"}],"replies":[{"embeddable":true,"href":"http:\/\/marceloscalona.com.ar\/index.php?rest_route=%2Fwp%2Fv2%2Fcomments&post=10417"}],"version-history":[{"count":1,"href":"http:\/\/marceloscalona.com.ar\/index.php?rest_route=\/wp\/v2\/posts\/10417\/revisions"}],"predecessor-version":[{"id":10419,"href":"http:\/\/marceloscalona.com.ar\/index.php?rest_route=\/wp\/v2\/posts\/10417\/revisions\/10419"}],"wp:attachment":[{"href":"http:\/\/marceloscalona.com.ar\/index.php?rest_route=%2Fwp%2Fv2%2Fmedia&parent=10417"}],"wp:term":[{"taxonomy":"category","embeddable":true,"href":"http:\/\/marceloscalona.com.ar\/index.php?rest_route=%2Fwp%2Fv2%2Fcategories&post=10417"},{"taxonomy":"post_tag","embeddable":true,"href":"http:\/\/marceloscalona.com.ar\/index.php?rest_route=%2Fwp%2Fv2%2Ftags&post=10417"}],"curies":[{"name":"wp","href":"https:\/\/api.w.org\/{rel}","templated":true}]}}