{"id":10426,"date":"2025-10-07T17:45:15","date_gmt":"2025-10-07T20:45:15","guid":{"rendered":"http:\/\/marceloscalona.com.ar\/?p=10426"},"modified":"2025-10-07T17:45:15","modified_gmt":"2025-10-07T20:45:15","slug":"tricentenario-rosario","status":"publish","type":"post","link":"http:\/\/marceloscalona.com.ar\/?p=10426","title":{"rendered":"Tricentenario Rosario"},"content":{"rendered":"<div class=\"xyinxu5 xyri2b x1g2khh7 x1c1uobl\">\n<h1>.<a href=\"http:\/\/marceloscalona.com.ar\/wp-content\/uploads\/2025\/10\/558850558_10239090122608001_4918918574370747211_n.jpg\"><img loading=\"lazy\" decoding=\"async\" class=\"alignnone size-medium wp-image-10427\" src=\"http:\/\/marceloscalona.com.ar\/wp-content\/uploads\/2025\/10\/558850558_10239090122608001_4918918574370747211_n-108x188.jpg\" alt=\"\" width=\"108\" height=\"188\" srcset=\"http:\/\/marceloscalona.com.ar\/wp-content\/uploads\/2025\/10\/558850558_10239090122608001_4918918574370747211_n-108x188.jpg 108w, http:\/\/marceloscalona.com.ar\/wp-content\/uploads\/2025\/10\/558850558_10239090122608001_4918918574370747211_n-285x494.jpg 285w, http:\/\/marceloscalona.com.ar\/wp-content\/uploads\/2025\/10\/558850558_10239090122608001_4918918574370747211_n-346x600.jpg 346w, http:\/\/marceloscalona.com.ar\/wp-content\/uploads\/2025\/10\/558850558_10239090122608001_4918918574370747211_n.jpg 526w\" sizes=\"auto, (max-width: 108px) 100vw, 108px\" \/><\/a><\/h1>\n<h1><strong><span class=\"x193iq5w xeuugli x13faqbe x1vvkbs x1xmvt09 x1lliihq x1s928wv xhkezso x1gmr53x x1cpjm7i x1fgarty x1943h6x xudqn12 x3x7a5m x6prxxf xvq8zen xo1l8bm xzsf02u\" dir=\"auto\">Reci\u00e9n volv\u00ed del acto oficial por el d\u00eda de la ciudad, que es el d\u00eda de la Virgen del Rosario, a la que debemos nuestro nombre y el lugar (la capilla, el curato), en torno al cual hace 300 a\u00f1os se comenz\u00f3 a gestar la aldea, el pueblo, la ciudad, esta hermosa ciudad de pampa y orilla. Me sent\u00ed orgulloso y feliz de haber integrado este a\u00f1o la COMISI\u00d3N DEL TRICENTENARIO de\u00a0<span class=\"html-span xdj266r x14z9mp xat24cr x1lziwak xexx8yu xyri2b x18d9i69 x1c1uobl x1hl2dhg x16tdsg8 x1vvkbs\"><a class=\"x1i10hfl xjbqb8w x1ejq31n x18oe1m7 x1sy0etr xstzfhl x972fbf x10w94by x1qhh985 x14e42zd x9f619 x1ypdohk xt0psk2 x3ct3a4 xdj266r x14z9mp xat24cr x1lziwak xexx8yu xyri2b x18d9i69 x1c1uobl x16tdsg8 x1hl2dhg xggy1nq x1a2a7pz xkrqix3 x1sur9pj xzsf02u x1s688f\" role=\"link\" href=\"https:\/\/www.facebook.com\/hashtag\/rosario?__cft__[0]=AZX1bLkxofzU6CCIl6nX-Pw-PFJNZ6PA8ABBir38enuV1zn5AvW_2G__ak0nWj9pdH1idio3k4u_DTJhS4yHCU4AUM4c0jg2EADIaXIYJi95cgn1v4f7UD3dPfOUM8IfBw6n4WUNjHi-S3sMpWFGdVM81zZ6D2FGKVPMN6y0eSRJBHy9ExUY4GuJ2IVQvsB5-zw&amp;__tn__=*NK*F\">#rosario<\/a><\/span>\u00a0(5 funcionarios designados por el Intendente\u00a0<span class=\"html-span xdj266r x14z9mp xat24cr x1lziwak xexx8yu xyri2b x18d9i69 x1c1uobl x1hl2dhg x16tdsg8 x1vvkbs\"><a class=\"x1i10hfl xjbqb8w x1ejq31n x18oe1m7 x1sy0etr xstzfhl x972fbf x10w94by x1qhh985 x14e42zd x9f619 x1ypdohk xt0psk2 x3ct3a4 xdj266r x14z9mp xat24cr x1lziwak xexx8yu xyri2b x18d9i69 x1c1uobl x16tdsg8 x1hl2dhg xggy1nq x1a2a7pz xkrqix3 x1sur9pj xzsf02u x1s688f\" role=\"link\" href=\"https:\/\/www.facebook.com\/JavkinPablo?__cft__[0]=AZX1bLkxofzU6CCIl6nX-Pw-PFJNZ6PA8ABBir38enuV1zn5AvW_2G__ak0nWj9pdH1idio3k4u_DTJhS4yHCU4AUM4c0jg2EADIaXIYJi95cgn1v4f7UD3dPfOUM8IfBw6n4WUNjHi-S3sMpWFGdVM81zZ6D2FGKVPMN6y0eSRJBHy9ExUY4GuJ2IVQvsB5-zw&amp;__tn__=-]K*F\"><span class=\"xt0psk2\"><span class=\"xjp7ctv\">Pablo Javkin<\/span><\/span><\/a><\/span>), para pensar y motorizar acciones que significaran celebrar, reconocer y pensar la ciudad, su identidad, valores y proyectos. Al terminar, le expres\u00e9 mi gratitud, respaldo y felicitaci\u00f3n a\u00a0<span class=\"html-span xdj266r x14z9mp xat24cr x1lziwak xexx8yu xyri2b x18d9i69 x1c1uobl x1hl2dhg x16tdsg8 x1vvkbs\"><a class=\"x1i10hfl xjbqb8w x1ejq31n x18oe1m7 x1sy0etr xstzfhl x972fbf x10w94by x1qhh985 x14e42zd x9f619 x1ypdohk xt0psk2 x3ct3a4 xdj266r x14z9mp xat24cr x1lziwak xexx8yu xyri2b x18d9i69 x1c1uobl x16tdsg8 x1hl2dhg xggy1nq x1a2a7pz xkrqix3 x1sur9pj xzsf02u x1s688f\" role=\"link\" href=\"https:\/\/www.facebook.com\/hashtag\/pablo?__cft__[0]=AZX1bLkxofzU6CCIl6nX-Pw-PFJNZ6PA8ABBir38enuV1zn5AvW_2G__ak0nWj9pdH1idio3k4u_DTJhS4yHCU4AUM4c0jg2EADIaXIYJi95cgn1v4f7UD3dPfOUM8IfBw6n4WUNjHi-S3sMpWFGdVM81zZ6D2FGKVPMN6y0eSRJBHy9ExUY4GuJ2IVQvsB5-zw&amp;__tn__=*NK*F\">#Pablo<\/a><\/span>\u00a0(la idea fue de \u00e9l) de darle este a\u00f1o 2025 esta MARCA DE GESTI\u00d3N a Rosario. El objetivo era celebrar la ciudad, pensarla, discutirla, ponerla en valor y lanzar hacia adelante nuevos objetivos y proyectos. Gracias !\u00a0<\/span><\/strong><\/h1>\n<h1 class=\"x1i10hfl xjbqb8w x1ejq31n x18oe1m7 x1sy0etr xstzfhl x972fbf x10w94by x1qhh985 x14e42zd x9f619 x1ypdohk xt0psk2 x3ct3a4 xdj266r x14z9mp xat24cr x1lziwak xexx8yu xyri2b x18d9i69 x1c1uobl x16tdsg8 x1hl2dhg xggy1nq x1a2a7pz xkrqix3 x1sur9pj xzsf02u x1s688f\" role=\"button\">Marcelo Scalona<\/h1>\n<\/div>\n<div class=\"x1g2khh7\"><span class=\"x193iq5w xeuugli x13faqbe x1vvkbs x1xmvt09 x1lliihq x1s928wv xhkezso x1gmr53x x1cpjm7i x1fgarty x1943h6x xudqn12 x3x7a5m x6prxxf xvq8zen xo1l8bm xzsf02u\" dir=\"auto\">\u2014\u00a0en\u00a0<b class=\"html-b xdj266r x14z9mp xat24cr x1lziwak xexx8yu xyri2b x18d9i69 x1c1uobl x1hl2dhg x16tdsg8 x1vvkbs x1s688f\"><span class=\"html-span xdj266r x14z9mp xat24cr x1lziwak xexx8yu xyri2b x18d9i69 x1c1uobl x1hl2dhg x16tdsg8 x1vvkbs\"><a class=\"x1i10hfl xjbqb8w x1ejq31n x18oe1m7 x1sy0etr xstzfhl x972fbf x10w94by x1qhh985 x14e42zd x9f619 x1ypdohk xt0psk2 x3ct3a4 xdj266r x14z9mp xat24cr x1lziwak xexx8yu xyri2b x18d9i69 x1c1uobl x16tdsg8 x1hl2dhg xggy1nq x1a2a7pz xkrqix3 x1sur9pj xzsf02u x1s688f\" role=\"link\" href=\"https:\/\/www.facebook.com\/MNBandera?__cft__[0]=AZX1bLkxofzU6CCIl6nX-Pw-PFJNZ6PA8ABBir38enuV1zn5AvW_2G__ak0nWj9pdH1idio3k4u_DTJhS4yHCU4AUM4c0jg2EADIaXIYJi95cgn1v4f7UD3dPfOUM8IfBw6n4WUNjHi-S3sMpWFGdVM81zZ6D2FGKVPMN6y0eSRJBHy9ExUY4GuJ2IVQvsB5-zw&amp;__tn__=-]C*F\"><span class=\"xt0psk2\"><span class=\"xjp7ctv\">Monumento Nacional a la Bandera<\/span><\/span><\/a><\/span><\/b>.<\/span><\/div>\n","protected":false},"excerpt":{"rendered":"<p>. Reci\u00e9n volv\u00ed del acto oficial por el d\u00eda de la ciudad, que es el d\u00eda de la Virgen del Rosario, a la que debemos [&hellip;]<\/p>\n","protected":false},"author":8,"featured_media":0,"comment_status":"open","ping_status":"open","sticky":false,"template":"","format":"standard","meta":{"footnotes":""},"categories":[3],"tags":[],"class_list":["post-10426","post","type-post","status-publish","format-standard","hentry","category-taller"],"_links":{"self":[{"href":"http:\/\/marceloscalona.com.ar\/index.php?rest_route=\/wp\/v2\/posts\/10426","targetHints":{"allow":["GET"]}}],"collection":[{"href":"http:\/\/marceloscalona.com.ar\/index.php?rest_route=\/wp\/v2\/posts"}],"about":[{"href":"http:\/\/marceloscalona.com.ar\/index.php?rest_route=\/wp\/v2\/types\/post"}],"author":[{"embeddable":true,"href":"http:\/\/marceloscalona.com.ar\/index.php?rest_route=\/wp\/v2\/users\/8"}],"replies":[{"embeddable":true,"href":"http:\/\/marceloscalona.com.ar\/index.php?rest_route=%2Fwp%2Fv2%2Fcomments&post=10426"}],"version-history":[{"count":1,"href":"http:\/\/marceloscalona.com.ar\/index.php?rest_route=\/wp\/v2\/posts\/10426\/revisions"}],"predecessor-version":[{"id":10428,"href":"http:\/\/marceloscalona.com.ar\/index.php?rest_route=\/wp\/v2\/posts\/10426\/revisions\/10428"}],"wp:attachment":[{"href":"http:\/\/marceloscalona.com.ar\/index.php?rest_route=%2Fwp%2Fv2%2Fmedia&parent=10426"}],"wp:term":[{"taxonomy":"category","embeddable":true,"href":"http:\/\/marceloscalona.com.ar\/index.php?rest_route=%2Fwp%2Fv2%2Fcategories&post=10426"},{"taxonomy":"post_tag","embeddable":true,"href":"http:\/\/marceloscalona.com.ar\/index.php?rest_route=%2Fwp%2Fv2%2Ftags&post=10426"}],"curies":[{"name":"wp","href":"https:\/\/api.w.org\/{rel}","templated":true}]}}