{"id":10452,"date":"2025-10-21T09:55:49","date_gmt":"2025-10-21T12:55:49","guid":{"rendered":"http:\/\/marceloscalona.com.ar\/?p=10452"},"modified":"2025-10-21T09:55:54","modified_gmt":"2025-10-21T12:55:54","slug":"una-cosa-maravillosa","status":"publish","type":"post","link":"http:\/\/marceloscalona.com.ar\/?p=10452","title":{"rendered":"Una cosa maravillosa"},"content":{"rendered":"<h1 dir=\"auto\">.<a href=\"http:\/\/marceloscalona.com.ar\/wp-content\/uploads\/2025\/10\/101459860_10222024759504589_5832277949713219584_n.jpg\"><img loading=\"lazy\" decoding=\"async\" class=\"alignnone size-medium wp-image-10453\" src=\"http:\/\/marceloscalona.com.ar\/wp-content\/uploads\/2025\/10\/101459860_10222024759504589_5832277949713219584_n-188x106.jpg\" alt=\"\" width=\"188\" height=\"106\" srcset=\"http:\/\/marceloscalona.com.ar\/wp-content\/uploads\/2025\/10\/101459860_10222024759504589_5832277949713219584_n-188x106.jpg 188w, http:\/\/marceloscalona.com.ar\/wp-content\/uploads\/2025\/10\/101459860_10222024759504589_5832277949713219584_n-494x278.jpg 494w, http:\/\/marceloscalona.com.ar\/wp-content\/uploads\/2025\/10\/101459860_10222024759504589_5832277949713219584_n-768x432.jpg 768w, http:\/\/marceloscalona.com.ar\/wp-content\/uploads\/2025\/10\/101459860_10222024759504589_5832277949713219584_n-800x450.jpg 800w, http:\/\/marceloscalona.com.ar\/wp-content\/uploads\/2025\/10\/101459860_10222024759504589_5832277949713219584_n.jpg 960w\" sizes=\"auto, (max-width: 188px) 100vw, 188px\" \/><\/a><\/h1>\n<h1 dir=\"auto\">UNA COSA MARAVILLOSA<\/h1>\n<h1 dir=\"auto\">.<\/h1>\n<h1 dir=\"auto\"><strong>Es poco, o es mucho. Dame tiempo. Esper\u00e1. Yo lo descubr\u00ed hace como 40 a\u00f1os, caminando una noche, volviendo, m\u00e1s bien, de la facu, una noche de primavera fragante. Hab\u00eda bajado del colectivo y ten\u00eda que caminar unas 5 o 6 cuadras hasta mi casa. No era tarde, tampoco temprano. Era de noche. Hab\u00eda poca gente en la calle, pero el despoblado no era ni por la malaria (como ahora), ni por la inseguridad. La gente estaba cenando (era una \u00e9poca en que se cenaba todav\u00eda), digo, las familias de un barrio de trabajadores pod\u00edan comer y se reun\u00edan a comer como parte del lazo vital, \u00edntimo, nutritivo. Yo iba solo como dice Poe que va un hombre solo en la multitud. Yo y las estrellas. Como dice Poe, pero yo, adem\u00e1s, sent\u00eda la felicidad de las casas, de las familias reunidas, yo present\u00eda una algarab\u00eda modesta pero s\u00f3lida detr\u00e1s de las cortinas, de los visillos, por los ventiluces de las cocinas, a trav\u00e9s de esos reflejos ambarinos que salen de los hogares hacia la calle como si fueran el reflejo de un sagrario, de una fogata, de un caldero, de todas esos fuegos que cimentan nuestra afectividad, sentido y gozo, pero sin estridencias.<\/strong><\/h1>\n<h1 dir=\"auto\"><strong>Pero lo que quiero contar es que en un momento, y justo esa noche, aspir\u00e9 el perfume de los jacarand\u00e1s, los para\u00edsos, los pinos, claro, estaba cruzando la plaza, toda una arboladura, la plaza de mi barrio que hab\u00eda vuelto a llamarse Evita, en medio de la primavera alfonsinista, 1986, estoy seguro&#8230; si es que uno puede estar seguro de algo cuando recuerda. Y ah\u00ed pas\u00f3, fue un rayo, una m\u00f3dica revelaci\u00f3n para aquel estudiante de derecho que cruzaba esa misma plaza todas las ma\u00f1anas para tomar el 144 (el 6) e ir a trabajar a tribunales.<\/strong><\/h1>\n<h1 dir=\"auto\"><strong>\u00abEntre todas las cosas del d\u00eda, he pensado en una maravillosa&#8230;\u00bb. Eso, eso fue&#8230; la obligaci\u00f3n de ser positivo, el trabajo de la esperanza: buscar todos los d\u00edas un gesto, un recuerdo o un leve prop\u00f3sito de dicha en la \u00abprimavera sagrada de Rilke\u00bb. Obligarte, s\u00ed, trabajar la esperanza, incluso la ilusi\u00f3n, aunque luego termine en una desilusi\u00f3n (Freud), pero a no entregarse nunca&#8230; no rendirse jam\u00e1s, entre todas las cosas del d\u00eda pensar en algo maravilloso. La lecci\u00f3n de Rilke. Eso, que parece chiquito, y que sin embargo nos sostiene, nos cuida, y m\u00e1s o menos, en una dosis realista pero tambi\u00e9n m\u00e1gica, es lo que nos hace felices.<\/strong><\/h1>\n<h1 dir=\"auto\"><strong>Buena jornada, amigos&#8230; ENTRE TODAS LAS COSAS DEL D\u00cdA, PENSAR EN UNA MARAVILLOSA.<\/strong><\/h1>\n<h1 dir=\"auto\"><strong>Marce.<\/strong><\/h1>\n","protected":false},"excerpt":{"rendered":"<p>. UNA COSA MARAVILLOSA . Es poco, o es mucho. Dame tiempo. Esper\u00e1. Yo lo descubr\u00ed hace como 40 a\u00f1os, caminando una noche, volviendo, m\u00e1s [&hellip;]<\/p>\n","protected":false},"author":8,"featured_media":0,"comment_status":"open","ping_status":"open","sticky":false,"template":"","format":"standard","meta":{"footnotes":""},"categories":[3],"tags":[],"class_list":["post-10452","post","type-post","status-publish","format-standard","hentry","category-taller"],"_links":{"self":[{"href":"http:\/\/marceloscalona.com.ar\/index.php?rest_route=\/wp\/v2\/posts\/10452","targetHints":{"allow":["GET"]}}],"collection":[{"href":"http:\/\/marceloscalona.com.ar\/index.php?rest_route=\/wp\/v2\/posts"}],"about":[{"href":"http:\/\/marceloscalona.com.ar\/index.php?rest_route=\/wp\/v2\/types\/post"}],"author":[{"embeddable":true,"href":"http:\/\/marceloscalona.com.ar\/index.php?rest_route=\/wp\/v2\/users\/8"}],"replies":[{"embeddable":true,"href":"http:\/\/marceloscalona.com.ar\/index.php?rest_route=%2Fwp%2Fv2%2Fcomments&post=10452"}],"version-history":[{"count":1,"href":"http:\/\/marceloscalona.com.ar\/index.php?rest_route=\/wp\/v2\/posts\/10452\/revisions"}],"predecessor-version":[{"id":10454,"href":"http:\/\/marceloscalona.com.ar\/index.php?rest_route=\/wp\/v2\/posts\/10452\/revisions\/10454"}],"wp:attachment":[{"href":"http:\/\/marceloscalona.com.ar\/index.php?rest_route=%2Fwp%2Fv2%2Fmedia&parent=10452"}],"wp:term":[{"taxonomy":"category","embeddable":true,"href":"http:\/\/marceloscalona.com.ar\/index.php?rest_route=%2Fwp%2Fv2%2Fcategories&post=10452"},{"taxonomy":"post_tag","embeddable":true,"href":"http:\/\/marceloscalona.com.ar\/index.php?rest_route=%2Fwp%2Fv2%2Ftags&post=10452"}],"curies":[{"name":"wp","href":"https:\/\/api.w.org\/{rel}","templated":true}]}}