{"id":10785,"date":"2026-04-26T13:01:42","date_gmt":"2026-04-26T16:01:42","guid":{"rendered":"http:\/\/marceloscalona.com.ar\/?p=10785"},"modified":"2026-04-26T13:01:42","modified_gmt":"2026-04-26T16:01:42","slug":"noche-de-librerias-26","status":"publish","type":"post","link":"http:\/\/marceloscalona.com.ar\/?p=10785","title":{"rendered":"Noche de Librer\u00edas 26"},"content":{"rendered":"<h1>.<a href=\"http:\/\/marceloscalona.com.ar\/wp-content\/uploads\/2026\/04\/lib-26.jpg\"><img loading=\"lazy\" decoding=\"async\" class=\"alignnone size-medium wp-image-10786\" src=\"http:\/\/marceloscalona.com.ar\/wp-content\/uploads\/2026\/04\/lib-26-138x188.jpg\" alt=\"\" width=\"138\" height=\"188\" srcset=\"http:\/\/marceloscalona.com.ar\/wp-content\/uploads\/2026\/04\/lib-26-138x188.jpg 138w, http:\/\/marceloscalona.com.ar\/wp-content\/uploads\/2026\/04\/lib-26-363x494.jpg 363w, http:\/\/marceloscalona.com.ar\/wp-content\/uploads\/2026\/04\/lib-26-768x1044.jpg 768w, http:\/\/marceloscalona.com.ar\/wp-content\/uploads\/2026\/04\/lib-26-441x600.jpg 441w, http:\/\/marceloscalona.com.ar\/wp-content\/uploads\/2026\/04\/lib-26.jpg 787w\" sizes=\"auto, (max-width: 138px) 100vw, 138px\" \/><\/a><\/h1>\n<h1><strong>Gran segundo encuentro del Ciclo EL \u00daLTIMO LECTOR en el marco de La Noche de las Librer\u00edas 2026, en Homo Sapiens, auspiciado por la Secretar\u00eda de Cultura de Rosario. Bellas lecturas de MORE GARC\u00cdA, ROSARIO SPINA, FLOR MANASSERI, JUAN P. RODENAS y CARLOS SACCHETTI, y la amenizaci\u00f3n musical de la mejor voz de la ciudad, ESTEBAN V\u00c1ZQUEZ. Mucho p\u00fablico, una verdadera fiesta. Gracias ! <span class=\"html-span xdj266r x14z9mp xat24cr x1lziwak xexx8yu xyri2b x18d9i69 x1c1uobl x1hl2dhg x16tdsg8 x1vvkbs\"><a class=\"x1i10hfl xjbqb8w x1ejq31n x18oe1m7 x1sy0etr xstzfhl x972fbf x10w94by x1qhh985 x14e42zd x9f619 x1ypdohk xt0psk2 x3ct3a4 xdj266r x14z9mp xat24cr x1lziwak xexx8yu xyri2b x18d9i69 x1c1uobl x16tdsg8 x1hl2dhg xggy1nq x1a2a7pz xkrqix3 x1sur9pj x1fey0fg x1s688f\" role=\"link\" href=\"https:\/\/www.facebook.com\/hashtag\/marce?__cft__[0]=AZZY8Dv8794oq7FwdOVJAp5wohnlr0VVtSqUzftUOLw3_L2R7gGxE7n2rr3BT4t339vLoDsDFKHcp8OvvFDhE-eM6Fm2i3jbgVgvBCXSvl9HktAFz7VLivEBeNFop3MbDLjdkwYFcaFpCdQCWMrf-7XZ&amp;__tn__=*NK-R\">#Marce<\/a><\/span>,<\/strong><\/h1>\n","protected":false},"excerpt":{"rendered":"<p>. Gran segundo encuentro del Ciclo EL \u00daLTIMO LECTOR en el marco de La Noche de las Librer\u00edas 2026, en Homo Sapiens, auspiciado por la [&hellip;]<\/p>\n","protected":false},"author":8,"featured_media":0,"comment_status":"open","ping_status":"open","sticky":false,"template":"","format":"standard","meta":{"footnotes":""},"categories":[3],"tags":[],"class_list":["post-10785","post","type-post","status-publish","format-standard","hentry","category-taller"],"_links":{"self":[{"href":"http:\/\/marceloscalona.com.ar\/index.php?rest_route=\/wp\/v2\/posts\/10785","targetHints":{"allow":["GET"]}}],"collection":[{"href":"http:\/\/marceloscalona.com.ar\/index.php?rest_route=\/wp\/v2\/posts"}],"about":[{"href":"http:\/\/marceloscalona.com.ar\/index.php?rest_route=\/wp\/v2\/types\/post"}],"author":[{"embeddable":true,"href":"http:\/\/marceloscalona.com.ar\/index.php?rest_route=\/wp\/v2\/users\/8"}],"replies":[{"embeddable":true,"href":"http:\/\/marceloscalona.com.ar\/index.php?rest_route=%2Fwp%2Fv2%2Fcomments&post=10785"}],"version-history":[{"count":1,"href":"http:\/\/marceloscalona.com.ar\/index.php?rest_route=\/wp\/v2\/posts\/10785\/revisions"}],"predecessor-version":[{"id":10787,"href":"http:\/\/marceloscalona.com.ar\/index.php?rest_route=\/wp\/v2\/posts\/10785\/revisions\/10787"}],"wp:attachment":[{"href":"http:\/\/marceloscalona.com.ar\/index.php?rest_route=%2Fwp%2Fv2%2Fmedia&parent=10785"}],"wp:term":[{"taxonomy":"category","embeddable":true,"href":"http:\/\/marceloscalona.com.ar\/index.php?rest_route=%2Fwp%2Fv2%2Fcategories&post=10785"},{"taxonomy":"post_tag","embeddable":true,"href":"http:\/\/marceloscalona.com.ar\/index.php?rest_route=%2Fwp%2Fv2%2Ftags&post=10785"}],"curies":[{"name":"wp","href":"https:\/\/api.w.org\/{rel}","templated":true}]}}