{"id":8516,"date":"2019-07-01T08:27:49","date_gmt":"2019-07-01T11:27:49","guid":{"rendered":"http:\/\/marceloscalona.com.ar\/?p=8516"},"modified":"2019-07-01T08:27:49","modified_gmt":"2019-07-01T11:27:49","slug":"mi-casa-de-papel-2","status":"publish","type":"post","link":"http:\/\/marceloscalona.com.ar\/?p=8516","title":{"rendered":"Mi casa de papel"},"content":{"rendered":"<h1>.<img loading=\"lazy\" decoding=\"async\" class=\"alignright size-medium wp-image-8517\" src=\"http:\/\/marceloscalona.com.ar\/wp-content\/uploads\/2019\/07\/Taller-linea-f.-188x141.jpg\" alt=\"\" width=\"188\" height=\"141\" srcset=\"http:\/\/marceloscalona.com.ar\/wp-content\/uploads\/2019\/07\/Taller-linea-f.-188x141.jpg 188w, http:\/\/marceloscalona.com.ar\/wp-content\/uploads\/2019\/07\/Taller-linea-f.-768x576.jpg 768w, http:\/\/marceloscalona.com.ar\/wp-content\/uploads\/2019\/07\/Taller-linea-f.-494x371.jpg 494w, http:\/\/marceloscalona.com.ar\/wp-content\/uploads\/2019\/07\/Taller-linea-f.-800x600.jpg 800w, http:\/\/marceloscalona.com.ar\/wp-content\/uploads\/2019\/07\/Taller-linea-f..jpg 960w\" sizes=\"auto, (max-width: 188px) 100vw, 188px\" \/><\/h1>\n<h1><span style=\"color: #ff0000;\">MI CASA DE PAPEL<\/span><\/h1>\n<p>.<\/p>\n<h2>.<br \/>\n<span style=\"color: #003366;\">&#8230;&#8230;&#8230;&#8230;&#8230;&#8230;&#8230;&#8230;.a\u00a0<a class=\"profileLink\" style=\"color: #003366;\" title=\"Mar\u00eda Paula Cerd\u00e1n\" href=\"https:\/\/www.facebook.com\/paucerdan?__tn__=%2CdK-R-R&amp;eid=ARBBbK0orfOay9QAgSeLR7lVXyf4ccLiVZJfn0kmMregXW8wRyYWvMtxITGh17jV8QsP82LGDopsKFvn&amp;fref=mentions\" data-hovercard=\"\/ajax\/hovercard\/user.php?id=750250620&amp;extragetparams=%7B%22__tn__%22%3A%22%2CdK-R-R%22%2C%22eid%22%3A%22ARBBbK0orfOay9QAgSeLR7lVXyf4ccLiVZJfn0kmMregXW8wRyYWvMtxITGh17jV8QsP82LGDopsKFvn%22%2C%22fref%22%3A%22mentions%22%7D\" data-hovercard-prefer-more-content-show=\"1\">Mar\u00eda Paula Cerd\u00e1n<\/a><\/span><br \/>\n<span style=\"color: #003366;\">.<\/span><br \/>\n<span style=\"color: #003366;\">\u00bfC\u00f3mo har\u00e9 para llevarme<\/span><br \/>\n<span style=\"color: #003366;\">donde vaya el taller literario?<span class=\"text_exposed_show\"><br \/>\n\u00bfC\u00f3mo viajar\u00e1n, en qu\u00e9 ba\u00fal o mochila<br \/>\nsus toneladas de cuentos, poes\u00eda, tristeza?<br \/>\n.<br \/>\nYa no puedo separar<br \/>\nmi casa de su escuela<br \/>\nsus papeles de los m\u00edos<br \/>\nlos sue\u00f1os de todos en mi living.<br \/>\n.<br \/>\nMi terraza, mi patio, mi escalera<br \/>\nla puerta verde,<br \/>\nla cocina, el altillo<br \/>\nlas ventanas, los libros<br \/>\nluz y sombra de un barco ebrio.<br \/>\nAmores rotos, el suave desaliento<br \/>\nbajando la calle inclinada<br \/>\nhacia el r\u00edo.<br \/>\n.<br \/>\nSon de ustedes, amigos,<br \/>\nson suyos algunos consejos<br \/>\npor pudor m\u00e1s que saber,<br \/>\nconjeturas, s\u00faplicas<br \/>\npara escaparle<br \/>\nal plagio y a la tonter\u00eda.<br \/>\n.<br \/>\nHe visto a muchos<br \/>\ncon ganas de jugar<br \/>\ny coquetear con el fuego,<br \/>\nlas modas, el \u00e9xito<br \/>\npero en la valija que lleve<br \/>\nmi casa de papel<br \/>\nelegir\u00e9 s\u00f3lo el pu\u00f1ado<br \/>\nque juega a fondo.<br \/>\n.<br \/>\nEscribir es el amor<br \/>\ny hay que ir por todo.<br \/>\nUn d\u00eda<br \/>\nuna biblioteca rubia<br \/>\nme prometi\u00f3:<br \/>\nte dar\u00e9 mil hijos.<br \/>\n.<br \/>\n.<br \/>\n&#8230;&#8230;&#8230;&#8230;<a class=\"_58cn\" style=\"color: #003366;\" href=\"https:\/\/www.facebook.com\/hashtag\/marce?source=feed_text&amp;epa=HASHTAG\" data-ft=\"{&quot;type&quot;:104,&quot;tn&quot;:&quot;*N&quot;}\"><span class=\"_5afx\"><span class=\"_58cl _5afz\" aria-label=\"hashtag\">#<\/span><span class=\"_58cm\">Marce<\/span><\/span><\/a>&#8230;&#8230;.<br \/>\ndel libro EL MAR, Ed. Alci\u00f3n, 2015<br \/>\n.<\/span><\/span><\/h2>\n","protected":false},"excerpt":{"rendered":"<p>. MI CASA DE PAPEL . . &#8230;&#8230;&#8230;&#8230;&#8230;&#8230;&#8230;&#8230;.a\u00a0Mar\u00eda Paula Cerd\u00e1n . \u00bfC\u00f3mo har\u00e9 para llevarme donde vaya el taller literario? \u00bfC\u00f3mo viajar\u00e1n, en qu\u00e9 ba\u00fal [&hellip;]<\/p>\n","protected":false},"author":1,"featured_media":0,"comment_status":"open","ping_status":"open","sticky":false,"template":"","format":"standard","meta":{"footnotes":""},"categories":[3],"tags":[],"class_list":["post-8516","post","type-post","status-publish","format-standard","hentry","category-taller"],"_links":{"self":[{"href":"http:\/\/marceloscalona.com.ar\/index.php?rest_route=\/wp\/v2\/posts\/8516","targetHints":{"allow":["GET"]}}],"collection":[{"href":"http:\/\/marceloscalona.com.ar\/index.php?rest_route=\/wp\/v2\/posts"}],"about":[{"href":"http:\/\/marceloscalona.com.ar\/index.php?rest_route=\/wp\/v2\/types\/post"}],"author":[{"embeddable":true,"href":"http:\/\/marceloscalona.com.ar\/index.php?rest_route=\/wp\/v2\/users\/1"}],"replies":[{"embeddable":true,"href":"http:\/\/marceloscalona.com.ar\/index.php?rest_route=%2Fwp%2Fv2%2Fcomments&post=8516"}],"version-history":[{"count":1,"href":"http:\/\/marceloscalona.com.ar\/index.php?rest_route=\/wp\/v2\/posts\/8516\/revisions"}],"predecessor-version":[{"id":8518,"href":"http:\/\/marceloscalona.com.ar\/index.php?rest_route=\/wp\/v2\/posts\/8516\/revisions\/8518"}],"wp:attachment":[{"href":"http:\/\/marceloscalona.com.ar\/index.php?rest_route=%2Fwp%2Fv2%2Fmedia&parent=8516"}],"wp:term":[{"taxonomy":"category","embeddable":true,"href":"http:\/\/marceloscalona.com.ar\/index.php?rest_route=%2Fwp%2Fv2%2Fcategories&post=8516"},{"taxonomy":"post_tag","embeddable":true,"href":"http:\/\/marceloscalona.com.ar\/index.php?rest_route=%2Fwp%2Fv2%2Ftags&post=8516"}],"curies":[{"name":"wp","href":"https:\/\/api.w.org\/{rel}","templated":true}]}}