{"id":8537,"date":"2019-07-06T14:23:39","date_gmt":"2019-07-06T17:23:39","guid":{"rendered":"http:\/\/marceloscalona.com.ar\/?p=8537"},"modified":"2019-07-06T14:23:39","modified_gmt":"2019-07-06T17:23:39","slug":"el-viento","status":"publish","type":"post","link":"http:\/\/marceloscalona.com.ar\/?p=8537","title":{"rendered":"El Viento"},"content":{"rendered":"<div id=\"post-8503\" class=\"post-8503 post type-post status-publish format-standard hentry category-taller\">\n<div class=\"entry-content\">\n<div class=\"_1dwg _1w_m _q7o\">\n<div id=\"js_q0\" class=\"_5pbx userContent _3ds9 _3576\" data-testid=\"post_message\" data-ft=\"{&quot;tn&quot;:&quot;K&quot;}\">\n<div id=\"id_5d19e8ef6034f3168584106\" class=\"text_exposed_root text_exposed\">\n<h1>EL VIENTO<br \/>\n.<img loading=\"lazy\" decoding=\"async\" class=\"alignright size-medium wp-image-8538\" src=\"http:\/\/marceloscalona.com.ar\/wp-content\/uploads\/2019\/07\/Mati-tablada-122x188.jpg\" alt=\"\" width=\"122\" height=\"188\" srcset=\"http:\/\/marceloscalona.com.ar\/wp-content\/uploads\/2019\/07\/Mati-tablada-122x188.jpg 122w, http:\/\/marceloscalona.com.ar\/wp-content\/uploads\/2019\/07\/Mati-tablada-321x494.jpg 321w, http:\/\/marceloscalona.com.ar\/wp-content\/uploads\/2019\/07\/Mati-tablada.jpg 390w\" sizes=\"auto, (max-width: 122px) 100vw, 122px\" \/><\/h1>\n<h2>.<br \/>\n<strong>Me levanto y voy al ba\u00f1o. Por la claraboya se siente el peque\u00f1o furor del viento. Se agita alguna chapa que hace de fald\u00f3n del tanque de agua en la terraza. En la casa moderna sobreviven dos chapas en la terraza, la del tanque de agua y otra que hace de alero del ventanuco fijo que mira al sur.\u00a0<\/strong><br \/>\n<strong>La del alero es un recorte de chapa de un cartel del torneo Evita de 1975, cuando salimos campeones en C\u00f3rdoba con el equipo de La Vigil. El cartel se guarda porque tiene\u00a0<span class=\"text_exposed_show\">varios remiendos y soldaduras que le hizo mi viejo desde entonces. Cuando el viento lo mueve, yo recuerdo a mi padre.<br \/>\nTiene un dise\u00f1o del \u00abhombre nuevo\u00bb, unos chicos de blanco, en ronda, tomados de la mano. El augurio me estremece un poco, pienso en otras rondas blancas y me estremece. Hace rato termin\u00e9 mi faena en el ba\u00f1o, pero elijo quedarme sentado otro rato escuchando el furor del viento.<br \/>\nAyer muri\u00f3 un ni\u00f1o peque\u00f1o (Mat\u00edas), aqu\u00ed en Tablada, enfermo, sin embargo hay una foto de \u00e9l en las redes igualito al ni\u00f1o de La Vida es Bella, con una sonrisa que podr\u00eda desmentir a la muerte, pero no\u2026 a veces la vida no es bella. A veces s\u00ed, pero a veces no\u2026<br \/>\nHaciendo la lista de tantos motivos que tiene hoy el viento para estar enojado, vuelvo a mi pieza y comienzo a cambiarme para ir al trabajo.<br \/>\n.<br \/>\n.<br \/>\n\u2014\u2014\u2014\u2014\u2014\u2014MARCE\u2026<\/span><\/strong><\/h2>\n<\/div>\n<\/div>\n<div data-ft=\"{&quot;tn&quot;:&quot;H&quot;}\"><\/div>\n<h2><\/h2>\n<\/div>\n<div>\n<form id=\"u_fetchstream_8_1g\" class=\"commentable_item\" action=\"https:\/\/www.facebook.com\/ajax\/ufi\/modify.php\" method=\"post\" data-ft=\"{&quot;tn&quot;:&quot;]&quot;}\">\n<div class=\"_4299\">\n<div class=\"_5vsi\"><\/div>\n<div class=\"_78bu\">\n<div class=\"_68wo\" data-testid=\"fbFeedStoryUFI\/feedbackSummary\">\n<div class=\"_3vum\">\n<div class=\"_66lg\"><\/div>\n<\/div>\n<\/div>\n<\/div>\n<\/div>\n<\/form>\n<\/div>\n<\/div>\n<\/div>\n<div id=\"nav-below\" class=\"navigation\"><\/div>\n","protected":false},"excerpt":{"rendered":"<p>EL VIENTO . . Me levanto y voy al ba\u00f1o. Por la claraboya se siente el peque\u00f1o furor del viento. Se agita alguna chapa que [&hellip;]<\/p>\n","protected":false},"author":1,"featured_media":0,"comment_status":"open","ping_status":"open","sticky":false,"template":"","format":"standard","meta":{"footnotes":""},"categories":[3],"tags":[],"class_list":["post-8537","post","type-post","status-publish","format-standard","hentry","category-taller"],"_links":{"self":[{"href":"http:\/\/marceloscalona.com.ar\/index.php?rest_route=\/wp\/v2\/posts\/8537","targetHints":{"allow":["GET"]}}],"collection":[{"href":"http:\/\/marceloscalona.com.ar\/index.php?rest_route=\/wp\/v2\/posts"}],"about":[{"href":"http:\/\/marceloscalona.com.ar\/index.php?rest_route=\/wp\/v2\/types\/post"}],"author":[{"embeddable":true,"href":"http:\/\/marceloscalona.com.ar\/index.php?rest_route=\/wp\/v2\/users\/1"}],"replies":[{"embeddable":true,"href":"http:\/\/marceloscalona.com.ar\/index.php?rest_route=%2Fwp%2Fv2%2Fcomments&post=8537"}],"version-history":[{"count":1,"href":"http:\/\/marceloscalona.com.ar\/index.php?rest_route=\/wp\/v2\/posts\/8537\/revisions"}],"predecessor-version":[{"id":8539,"href":"http:\/\/marceloscalona.com.ar\/index.php?rest_route=\/wp\/v2\/posts\/8537\/revisions\/8539"}],"wp:attachment":[{"href":"http:\/\/marceloscalona.com.ar\/index.php?rest_route=%2Fwp%2Fv2%2Fmedia&parent=8537"}],"wp:term":[{"taxonomy":"category","embeddable":true,"href":"http:\/\/marceloscalona.com.ar\/index.php?rest_route=%2Fwp%2Fv2%2Fcategories&post=8537"},{"taxonomy":"post_tag","embeddable":true,"href":"http:\/\/marceloscalona.com.ar\/index.php?rest_route=%2Fwp%2Fv2%2Ftags&post=8537"}],"curies":[{"name":"wp","href":"https:\/\/api.w.org\/{rel}","templated":true}]}}