{"id":8566,"date":"2019-08-11T07:33:09","date_gmt":"2019-08-11T10:33:09","guid":{"rendered":"http:\/\/marceloscalona.com.ar\/?p=8566"},"modified":"2019-08-11T07:33:09","modified_gmt":"2019-08-11T10:33:09","slug":"ideas","status":"publish","type":"post","link":"http:\/\/marceloscalona.com.ar\/?p=8566","title":{"rendered":"Ideas"},"content":{"rendered":"<h1>.<img loading=\"lazy\" decoding=\"async\" class=\"alignright size-medium wp-image-8567\" src=\"http:\/\/marceloscalona.com.ar\/wp-content\/uploads\/2019\/08\/Vilari\u00f1o-188x180.jpg\" alt=\"\" width=\"188\" height=\"180\" srcset=\"http:\/\/marceloscalona.com.ar\/wp-content\/uploads\/2019\/08\/Vilari\u00f1o-188x180.jpg 188w, http:\/\/marceloscalona.com.ar\/wp-content\/uploads\/2019\/08\/Vilari\u00f1o-494x473.jpg 494w, http:\/\/marceloscalona.com.ar\/wp-content\/uploads\/2019\/08\/Vilari\u00f1o.jpg 539w\" sizes=\"auto, (max-width: 188px) 100vw, 188px\" \/><\/h1>\n<h1><em><span style=\"color: #ff0000;\">IDEAS<\/span><\/em><br \/>\n.<\/h1>\n<h2>.<br \/>\n<span style=\"color: #003366;\">-\u00bfSiempre camin\u00e1s tan despacio? -dijo \u00e9l.<\/span><br \/>\n<span style=\"color: #003366;\">-No. Hoy estoy cansada. Estuve en clases en un sal\u00f3n enorme y muy fr\u00edo.<\/span><br \/>\n<span style=\"color: #003366;\">-\u00bfD\u00f3nde?<span class=\"text_exposed_show\"><br \/>\n-En Humanidades. Pero los pasos dependen del d\u00eda.<br \/>\n-D\u00edas de mujer despacio.<br \/>\n-No, pero depende del lugar, de la compa\u00f1\u00eda\u2026<br \/>\n-&#8230; pero vos siempre camin\u00e1s despacio, como si pasearas.<br \/>\n-\u00bfEs malo eso?<br \/>\n-No, pero me cuesta acoplarme.<br \/>\n-Porque hac\u00e9s muchas cosas. Juntas. A vos habr\u00eda que sacarte el celular\u2026<br \/>\n-Trabajo con el celular.<br \/>\n-No s\u00e9. Puede ser una excusa. Deber\u00edas dejarlo cuando caminamos.<br \/>\n-Cuidado, agarremos por ac\u00e1\u2026 (y \u00e9l la toma del brazo para conducirla). \u00bfQu\u00e9 le\u00e9s?<br \/>\n-Los diarios de Vilari\u00f1o. Idea.<br \/>\n-\u00a1Qu\u00e9 problema Idea llamarse Idea\u2026!<br \/>\n-\u00bfPor qu\u00e9?<br \/>\n-Un hombre se volver\u00eda m\u00e1s tonto con una mujer que se llamara Idea. Idea en la cabeza, Idea en el libro, Idea en la mujer\u2026<br \/>\n-\u00a1Qu\u00e9 est\u00fapido! No se lo voy a contar a nadie.<br \/>\n-Es como la hip\u00e9rbole de la Idea\u2026<br \/>\n-Me est\u00e1s jodiendo\u2026 \u00bfvos te escuch\u00e1s? \u00bfQui\u00e9n ser\u00eda el hombre que se vuelve m\u00e1s tonto de lo que ya es\u2026?<br \/>\n-Bueno, no te pases tampoco\u2026<br \/>\n-Disculpame, quisiera seguir caminando sola, vos camin\u00e1s muy r\u00e1pido-. Y antes de que \u00e9l contestara, ella aprovech\u00f3 una bifurcaci\u00f3n que hace el paseo a la altura del bar Flora y naturalmente se separ\u00f3 hacia el sendero que se pega junto al r\u00edo. \u00c9l sigui\u00f3 por la calle central que atraviesa los tres bares, Flora, Hildegarda y Ferro.<br \/>\n-Bueno, no quer\u00eda molestarte -dijo \u00e9l como despedida-. Hasta uno de estos d\u00edas\u2026<br \/>\n.<br \/>\nReci\u00e9n cuando ella se vio sola, unos metros m\u00e1s all\u00e1, se detuvo un instante en el barandal frente al r\u00edo, mir\u00f3 las islas para limpiarse la vista, apret\u00f3 el libro, subi\u00f3 el volumen del Spotify, hizo un moh\u00edn de risa y murmur\u00f3:<br \/>\n-No, ya no\u2026 no te ver\u00e9 morir&#8230;<br \/>\n.<br \/>\n.<br \/>\n<span style=\"color: #ff0000;\">&#8230;&#8230;&#8230;&#8230;.\u2026\u2026\u2026\u2026\u2026Marce&#8230;.<\/span><br \/>\n.<\/span><\/span><\/h2>\n","protected":false},"excerpt":{"rendered":"<p>. IDEAS . . -\u00bfSiempre camin\u00e1s tan despacio? -dijo \u00e9l. -No. Hoy estoy cansada. Estuve en clases en un sal\u00f3n enorme y muy fr\u00edo. -\u00bfD\u00f3nde? [&hellip;]<\/p>\n","protected":false},"author":1,"featured_media":0,"comment_status":"open","ping_status":"open","sticky":false,"template":"","format":"standard","meta":{"footnotes":""},"categories":[3],"tags":[],"class_list":["post-8566","post","type-post","status-publish","format-standard","hentry","category-taller"],"_links":{"self":[{"href":"http:\/\/marceloscalona.com.ar\/index.php?rest_route=\/wp\/v2\/posts\/8566","targetHints":{"allow":["GET"]}}],"collection":[{"href":"http:\/\/marceloscalona.com.ar\/index.php?rest_route=\/wp\/v2\/posts"}],"about":[{"href":"http:\/\/marceloscalona.com.ar\/index.php?rest_route=\/wp\/v2\/types\/post"}],"author":[{"embeddable":true,"href":"http:\/\/marceloscalona.com.ar\/index.php?rest_route=\/wp\/v2\/users\/1"}],"replies":[{"embeddable":true,"href":"http:\/\/marceloscalona.com.ar\/index.php?rest_route=%2Fwp%2Fv2%2Fcomments&post=8566"}],"version-history":[{"count":1,"href":"http:\/\/marceloscalona.com.ar\/index.php?rest_route=\/wp\/v2\/posts\/8566\/revisions"}],"predecessor-version":[{"id":8568,"href":"http:\/\/marceloscalona.com.ar\/index.php?rest_route=\/wp\/v2\/posts\/8566\/revisions\/8568"}],"wp:attachment":[{"href":"http:\/\/marceloscalona.com.ar\/index.php?rest_route=%2Fwp%2Fv2%2Fmedia&parent=8566"}],"wp:term":[{"taxonomy":"category","embeddable":true,"href":"http:\/\/marceloscalona.com.ar\/index.php?rest_route=%2Fwp%2Fv2%2Fcategories&post=8566"},{"taxonomy":"post_tag","embeddable":true,"href":"http:\/\/marceloscalona.com.ar\/index.php?rest_route=%2Fwp%2Fv2%2Ftags&post=8566"}],"curies":[{"name":"wp","href":"https:\/\/api.w.org\/{rel}","templated":true}]}}