{"id":8597,"date":"2019-09-06T12:08:38","date_gmt":"2019-09-06T15:08:38","guid":{"rendered":"http:\/\/marceloscalona.com.ar\/?p=8597"},"modified":"2019-09-06T12:08:38","modified_gmt":"2019-09-06T15:08:38","slug":"el-corazon-de-la-soledad","status":"publish","type":"post","link":"http:\/\/marceloscalona.com.ar\/?p=8597","title":{"rendered":"El coraz\u00f3n de la soledad"},"content":{"rendered":"<h1>.<img loading=\"lazy\" decoding=\"async\" class=\"alignright size-medium wp-image-8598\" src=\"http:\/\/marceloscalona.com.ar\/wp-content\/uploads\/2019\/09\/Marce-soledad-188x188.jpg\" alt=\"\" width=\"188\" height=\"188\" srcset=\"http:\/\/marceloscalona.com.ar\/wp-content\/uploads\/2019\/09\/Marce-soledad-188x188.jpg 188w, http:\/\/marceloscalona.com.ar\/wp-content\/uploads\/2019\/09\/Marce-soledad-88x88.jpg 88w, http:\/\/marceloscalona.com.ar\/wp-content\/uploads\/2019\/09\/Marce-soledad-768x768.jpg 768w, http:\/\/marceloscalona.com.ar\/wp-content\/uploads\/2019\/09\/Marce-soledad-494x494.jpg 494w, http:\/\/marceloscalona.com.ar\/wp-content\/uploads\/2019\/09\/Marce-soledad-600x600.jpg 600w, http:\/\/marceloscalona.com.ar\/wp-content\/uploads\/2019\/09\/Marce-soledad.jpg 960w\" sizes=\"auto, (max-width: 188px) 100vw, 188px\" \/><\/h1>\n<h1><span style=\"color: #800000;\">EL CORAZ\u00d3N DE LA SOLEDAD<\/span><br \/>\n<span style=\"color: #800000;\">.<\/span><\/h1>\n<h2>.<br \/>\n<span style=\"color: #003366;\">\u00bfC\u00f3mo es la vida de un solitario? -piensa Esteban, de la plaza Evita al s\u00faper chino. En Tablada profunda, la plaza ya tiene tres vendedores de tortas asadas en una cuadra y cuatro borrachines, que alguna vez fueron estibadores, pidiendo en el sem\u00e1foro de Col\u00f3n.<\/span><br \/>\n<span style=\"color: #003366;\">7\u00b0 de fr\u00edo y viento en contra, en un pa\u00eds que empieza a estar todo en las calles&#8230; en un pa\u00eds donde millones est\u00e1n solos, \u00bfqu\u00e9 tiene de malo ser solo? \u00bfC\u00f3mo es la vida de un solitario? Es mi<span class=\"text_exposed_show\">rar 100 veces el WhatsApp para ver si ella vio su estado. \u00a1Que Xia mire desde Beijinj otra canci\u00f3n triste con el repeat sin l\u00edmite!<br \/>\nEsteban aprovecha a decirle a Wu (que no lo comprende y justamente por eso): &#8211;\u00bfPor qu\u00e9 la gente desconf\u00eda de los solitarios? \u00bfPor qu\u00e9 la gente cree que un solitario es alguien peligroso, loco, malo&#8230;?<br \/>\nWu sonr\u00ede, Nancy le traduce y el chino sonr\u00ede m\u00e1s fuerte y hace el t\u00edpico rev\u00f3lver que gira sobre la sien izquierda. Esteban tambi\u00e9n sonr\u00ede, todo sirve para palear el fr\u00edo, la distancia, la miseria.<br \/>\nNancy dice que Xia le pregunt\u00f3 por \u00e9l en Skype y que ella le dijo que Esteban se porta bien, que est\u00e1 solo.<br \/>\n&#8211;\u00bfY ella qu\u00e9 dijo&#8230;?<br \/>\n&#8212; Que muy bien, que as\u00ed debe ser, porque el amor vive en el coraz\u00f3n de la soledad.<br \/>\n.<br \/>\n.<br \/>\n&#8230;&#8230;&#8230;&#8230;&#8230;&#8230;&#8230;&#8230;&#8230;&#8230;<a class=\"profileLink\" style=\"color: #003366;\" title=\"Marcelo Enrique Scalona\" href=\"https:\/\/www.facebook.com\/scalona?__tn__=%2CdK-R-R&amp;eid=ARAyzb6ZS8tph7xLTno-cgJrvnAdNEte23SGfeg9uZH1AMkNfWnCAmHD3CDgKuiR2OXvjNI1XppLzg4L&amp;fref=mentions\" data-hovercard=\"\/ajax\/hovercard\/user.php?id=1129210183&amp;extragetparams=%7B%22__tn__%22%3A%22%2CdK-R-R%22%2C%22eid%22%3A%22ARAyzb6ZS8tph7xLTno-cgJrvnAdNEte23SGfeg9uZH1AMkNfWnCAmHD3CDgKuiR2OXvjNI1XppLzg4L%22%2C%22fref%22%3A%22mentions%22%7D\" data-hovercard-prefer-more-content-show=\"1\">Marcelo Enrique Scalona<\/a>.<\/span><\/span><\/h2>\n","protected":false},"excerpt":{"rendered":"<p>. EL CORAZ\u00d3N DE LA SOLEDAD . . \u00bfC\u00f3mo es la vida de un solitario? -piensa Esteban, de la plaza Evita al s\u00faper chino. En [&hellip;]<\/p>\n","protected":false},"author":1,"featured_media":0,"comment_status":"open","ping_status":"open","sticky":false,"template":"","format":"standard","meta":{"footnotes":""},"categories":[3],"tags":[],"class_list":["post-8597","post","type-post","status-publish","format-standard","hentry","category-taller"],"_links":{"self":[{"href":"http:\/\/marceloscalona.com.ar\/index.php?rest_route=\/wp\/v2\/posts\/8597","targetHints":{"allow":["GET"]}}],"collection":[{"href":"http:\/\/marceloscalona.com.ar\/index.php?rest_route=\/wp\/v2\/posts"}],"about":[{"href":"http:\/\/marceloscalona.com.ar\/index.php?rest_route=\/wp\/v2\/types\/post"}],"author":[{"embeddable":true,"href":"http:\/\/marceloscalona.com.ar\/index.php?rest_route=\/wp\/v2\/users\/1"}],"replies":[{"embeddable":true,"href":"http:\/\/marceloscalona.com.ar\/index.php?rest_route=%2Fwp%2Fv2%2Fcomments&post=8597"}],"version-history":[{"count":1,"href":"http:\/\/marceloscalona.com.ar\/index.php?rest_route=\/wp\/v2\/posts\/8597\/revisions"}],"predecessor-version":[{"id":8599,"href":"http:\/\/marceloscalona.com.ar\/index.php?rest_route=\/wp\/v2\/posts\/8597\/revisions\/8599"}],"wp:attachment":[{"href":"http:\/\/marceloscalona.com.ar\/index.php?rest_route=%2Fwp%2Fv2%2Fmedia&parent=8597"}],"wp:term":[{"taxonomy":"category","embeddable":true,"href":"http:\/\/marceloscalona.com.ar\/index.php?rest_route=%2Fwp%2Fv2%2Fcategories&post=8597"},{"taxonomy":"post_tag","embeddable":true,"href":"http:\/\/marceloscalona.com.ar\/index.php?rest_route=%2Fwp%2Fv2%2Ftags&post=8597"}],"curies":[{"name":"wp","href":"https:\/\/api.w.org\/{rel}","templated":true}]}}