{"id":8606,"date":"2019-09-18T08:15:46","date_gmt":"2019-09-18T11:15:46","guid":{"rendered":"http:\/\/marceloscalona.com.ar\/?p=8606"},"modified":"2019-09-18T08:15:46","modified_gmt":"2019-09-18T11:15:46","slug":"los-trabajos-y-los-dias","status":"publish","type":"post","link":"http:\/\/marceloscalona.com.ar\/?p=8606","title":{"rendered":"Los Trabajos y los D\u00edas"},"content":{"rendered":"<h1>.<img loading=\"lazy\" decoding=\"async\" class=\"alignright size-medium wp-image-8607\" src=\"http:\/\/marceloscalona.com.ar\/wp-content\/uploads\/2019\/09\/los-pedazos-de-mi-151x188.jpg\" alt=\"\" width=\"151\" height=\"188\" srcset=\"http:\/\/marceloscalona.com.ar\/wp-content\/uploads\/2019\/09\/los-pedazos-de-mi-151x188.jpg 151w, http:\/\/marceloscalona.com.ar\/wp-content\/uploads\/2019\/09\/los-pedazos-de-mi-397x494.jpg 397w, http:\/\/marceloscalona.com.ar\/wp-content\/uploads\/2019\/09\/los-pedazos-de-mi-482x600.jpg 482w, http:\/\/marceloscalona.com.ar\/wp-content\/uploads\/2019\/09\/los-pedazos-de-mi.jpg 514w\" sizes=\"auto, (max-width: 151px) 100vw, 151px\" \/><\/h1>\n<h1 id=\"id_5d8210dee928e8f58675276\" class=\"text_exposed_root text_exposed\"><span style=\"color: #800000;\"><em>LOS TRABAJOS Y LOS D\u00cdAS.<\/em><\/span><br \/>\n.<\/h1>\n<h2 class=\"text_exposed_root text_exposed\">.<br \/>\n<span style=\"color: #003366;\">Todos los lunes deber\u00eda ser feriado.<\/span><br \/>\n<span style=\"color: #003366;\">Por fecha patria, por santo o por huelga.<\/span><br \/>\n<span style=\"color: #003366;\">Los martes deber\u00eda conocer a otra mujer rubia<span class=\"text_exposed_show\"><br \/>\nque me retuviera en su casa<br \/>\ny me obligara a quedarme en la cama<br \/>\nhasta el mi\u00e9rcoles, y hacerme perder<br \/>\nel \u00f3mnibus, el tren y el trabajo.<br \/>\n.<br \/>\nLos jueves deber\u00eda salir el sol todo el d\u00eda,<br \/>\ny como yo hago el turno noche,<br \/>\npara m\u00ed ser\u00eda franco,<br \/>\nfuerza mayor,<br \/>\ncuesti\u00f3n del clima.<br \/>\nLos viernes deber\u00eda tolerarlo<br \/>\nporque son los d\u00edas que te veo,<br \/>\ncompartimos sin querer una rutina<br \/>\nde papeles, un micro, unas cuadras,<br \/>\nlos tribunales, un \u00abbuen d\u00eda\u00bb, para m\u00ed,<br \/>\nque voy a verte,<br \/>\naunque no me gusten las oficinas.<br \/>\n.<br \/>\n&#8230;&#8230;&#8230;&#8230;&#8230;&#8230;.\u00a0<a class=\"_58cn\" style=\"color: #003366;\" href=\"https:\/\/www.facebook.com\/hashtag\/marce?epa=HASHTAG\" data-ft=\"{&quot;type&quot;:104,&quot;tn&quot;:&quot;*N&quot;}\">#MARCE<\/a>.<br \/>\n<\/span><\/span><\/h2>\n<div><\/div>\n<h2 id=\"fbPhotoSnowliftCallToActionButton\" class=\"fbPhotosPhotoButtons\"><\/h2>\n<h2 id=\"fbPhotoSnowliftPhotoFundraiser\"><\/h2>\n<div id=\"fbPhotoSnowliftOwnerButtons\" class=\"mvm fbPhotosPhotoOwnerButtons stat_elem\">\n<h2 id=\"photosTruncatingUIButtonGroup\" class=\"_51xa _3-8m _3-90\"><span style=\"color: #003366;\"><a id=\"u_fetchstream_3_f\" class=\"_42ft _4jy0 fbPhotosPhotoActionsTag taggingOff photosTruncatingUIButton _4jy3 _517h _51sy _2n0k\" style=\"color: #003366;\" role=\"button\" href=\"https:\/\/www.facebook.com\/photo.php?fbid=10219421394222084&amp;set=a.1085893384095&amp;type=3&amp;theater&amp;notif_t=feedback_reaction_generic&amp;notif_id=1568804563907260#\" aria-label=\"Etiquetar foto\" data-buttonname=\"tagPhoto\" data-ft=\"{&quot;tn&quot;:&quot;+;&quot;}\" data-hover=\"tooltip\"><i class=\"_3-8_ img sp_GrSOoICChyw_1_5x sx_f6472a\"><u>ta<\/u><\/i><\/a><\/span><\/h2>\n<\/div>\n","protected":false},"excerpt":{"rendered":"<p>. LOS TRABAJOS Y LOS D\u00cdAS. . . Todos los lunes deber\u00eda ser feriado. Por fecha patria, por santo o por huelga. Los martes deber\u00eda [&hellip;]<\/p>\n","protected":false},"author":1,"featured_media":0,"comment_status":"open","ping_status":"open","sticky":false,"template":"","format":"standard","meta":{"footnotes":""},"categories":[3],"tags":[],"class_list":["post-8606","post","type-post","status-publish","format-standard","hentry","category-taller"],"_links":{"self":[{"href":"http:\/\/marceloscalona.com.ar\/index.php?rest_route=\/wp\/v2\/posts\/8606","targetHints":{"allow":["GET"]}}],"collection":[{"href":"http:\/\/marceloscalona.com.ar\/index.php?rest_route=\/wp\/v2\/posts"}],"about":[{"href":"http:\/\/marceloscalona.com.ar\/index.php?rest_route=\/wp\/v2\/types\/post"}],"author":[{"embeddable":true,"href":"http:\/\/marceloscalona.com.ar\/index.php?rest_route=\/wp\/v2\/users\/1"}],"replies":[{"embeddable":true,"href":"http:\/\/marceloscalona.com.ar\/index.php?rest_route=%2Fwp%2Fv2%2Fcomments&post=8606"}],"version-history":[{"count":1,"href":"http:\/\/marceloscalona.com.ar\/index.php?rest_route=\/wp\/v2\/posts\/8606\/revisions"}],"predecessor-version":[{"id":8608,"href":"http:\/\/marceloscalona.com.ar\/index.php?rest_route=\/wp\/v2\/posts\/8606\/revisions\/8608"}],"wp:attachment":[{"href":"http:\/\/marceloscalona.com.ar\/index.php?rest_route=%2Fwp%2Fv2%2Fmedia&parent=8606"}],"wp:term":[{"taxonomy":"category","embeddable":true,"href":"http:\/\/marceloscalona.com.ar\/index.php?rest_route=%2Fwp%2Fv2%2Fcategories&post=8606"},{"taxonomy":"post_tag","embeddable":true,"href":"http:\/\/marceloscalona.com.ar\/index.php?rest_route=%2Fwp%2Fv2%2Ftags&post=8606"}],"curies":[{"name":"wp","href":"https:\/\/api.w.org\/{rel}","templated":true}]}}