{"id":8674,"date":"2020-01-14T10:47:38","date_gmt":"2020-01-14T13:47:38","guid":{"rendered":"http:\/\/marceloscalona.com.ar\/?p=8674"},"modified":"2020-01-14T10:47:38","modified_gmt":"2020-01-14T13:47:38","slug":"carta-natal","status":"publish","type":"post","link":"http:\/\/marceloscalona.com.ar\/?p=8674","title":{"rendered":"Carta Natal"},"content":{"rendered":"<h2>.<a href=\"http:\/\/marceloscalona.com.ar\/wp-content\/uploads\/2020\/01\/Marce-carta-natal.jpg\"><img loading=\"lazy\" decoding=\"async\" class=\"alignnone size-medium wp-image-8675\" src=\"http:\/\/marceloscalona.com.ar\/wp-content\/uploads\/2020\/01\/Marce-carta-natal-188x124.jpg\" alt=\"\" width=\"188\" height=\"124\" srcset=\"http:\/\/marceloscalona.com.ar\/wp-content\/uploads\/2020\/01\/Marce-carta-natal-188x124.jpg 188w, http:\/\/marceloscalona.com.ar\/wp-content\/uploads\/2020\/01\/Marce-carta-natal-494x326.jpg 494w, http:\/\/marceloscalona.com.ar\/wp-content\/uploads\/2020\/01\/Marce-carta-natal.jpg 696w\" sizes=\"auto, (max-width: 188px) 100vw, 188px\" \/><\/a><\/h2>\n<h2><span style=\"color: #800000\">CARTA NATAL<\/span><br \/>\n.<\/h2>\n<h2 style=\"padding-left: 30px\">.<br \/>\n<span style=\"color: #003366\">Nadie sabe realmente su origen ni c\u00f3mo lleg\u00f3 a la tierra. La mayor\u00eda de nosotros cree en unos documentos que pueden ser ficciones, formas de normalizarnos para establecer un orden, una convivencia, eso que Freud llam\u00f3 la represi\u00f3n de la cultura y luego \u00e9l mismo puso en crisis con su malestar.<\/span><br \/>\n<span style=\"color: #003366\">Mi amiga m\u00e1s querida acaba de regalarme mi primera carta natal, y la astr\u00f3loga me ha preguntado la hora, el d\u00eda y el lugar de mi nacimiento. 15 horas. 21 de diciembre.\u00a0<span class=\"text_exposed_show\">Una maternidad que ya no existe, por calles Mendoza y Corrientes. Es lo que dec\u00eda mi madre, porque yo estaba, pero no lo recuerdo.<br \/>\n.<br \/>\nPreguntado luego por mi apellido, la prestidigitadora dice que SCALONA es ASCAL\u00d3N de Judea, hoy Palestina, y que de all\u00ed se desparramaron por todo el Mediterr\u00e1neo, N\u00e1poles, el Pa\u00eds Vasco. En ese lugar, Judea, dice, todos son hijos de s\u00ed mismo, Jes\u00fas, Araffat, Golda Meir, Amos Oz, como peque\u00f1os dioses, y que \u00e9sta, de ahora, es mi cuarta vida. Primero fui planta, dice ella, luego fui pez, p\u00e1jaro y ahora soy doncella. Que no me asuste, dice, que soy bonita y todos somos, por lo menos, sujetos dobles, escindidos, m\u00faltiples y la infelicidad es no aceptarlo y no vivirlo naturalmente. Es posible que cuando usted est\u00e9 en Pueblo Esther, dijo, disfrute de su propio ser de planta, y en el agua, de su pez y en el aire, de su p\u00e1jaro. Jazm\u00edn del aire paraguayo es&#8230; y salm\u00f3n rosado y un sinsonte con una temporada de cuervo negro cuando muri\u00f3 la doncella.<br \/>\n\u00bfQu\u00e9 puede decirme de mi muerte? Quise saber al final de la charla.<br \/>\nNo tiene importancia en este trance. Puede ser un accidente casero (usted es muy atolondrado), o algo m\u00e1s com\u00fan como la pr\u00f3stata, pero a\u00fan le quedan tres vidas, todav\u00eda ser\u00e1 poeta, guerrero y otra vez doncella, y en esa parte del mundo de su origen, la Ascalonia, hay mujeres que no mueren, desaparecen, viajan en el tiempo para volver a enamorarse, incluso en la forma de otra planta, de otro pez y de unos p\u00e1jaros, que finalmente, s\u00ed, vuelan sin regreso.<br \/>\n.<br \/>\n&#8230;&#8230;&#8230;&#8230;&#8230;&#8230;Marce&#8230;..<br \/>\n14.01.2020.<\/span><\/span><\/h2>\n","protected":false},"excerpt":{"rendered":"<p>. CARTA NATAL . . Nadie sabe realmente su origen ni c\u00f3mo lleg\u00f3 a la tierra. La mayor\u00eda de nosotros cree en unos documentos que [&hellip;]<\/p>\n","protected":false},"author":8,"featured_media":0,"comment_status":"open","ping_status":"open","sticky":false,"template":"","format":"standard","meta":{"footnotes":""},"categories":[3],"tags":[],"class_list":["post-8674","post","type-post","status-publish","format-standard","hentry","category-taller"],"_links":{"self":[{"href":"http:\/\/marceloscalona.com.ar\/index.php?rest_route=\/wp\/v2\/posts\/8674","targetHints":{"allow":["GET"]}}],"collection":[{"href":"http:\/\/marceloscalona.com.ar\/index.php?rest_route=\/wp\/v2\/posts"}],"about":[{"href":"http:\/\/marceloscalona.com.ar\/index.php?rest_route=\/wp\/v2\/types\/post"}],"author":[{"embeddable":true,"href":"http:\/\/marceloscalona.com.ar\/index.php?rest_route=\/wp\/v2\/users\/8"}],"replies":[{"embeddable":true,"href":"http:\/\/marceloscalona.com.ar\/index.php?rest_route=%2Fwp%2Fv2%2Fcomments&post=8674"}],"version-history":[{"count":1,"href":"http:\/\/marceloscalona.com.ar\/index.php?rest_route=\/wp\/v2\/posts\/8674\/revisions"}],"predecessor-version":[{"id":8676,"href":"http:\/\/marceloscalona.com.ar\/index.php?rest_route=\/wp\/v2\/posts\/8674\/revisions\/8676"}],"wp:attachment":[{"href":"http:\/\/marceloscalona.com.ar\/index.php?rest_route=%2Fwp%2Fv2%2Fmedia&parent=8674"}],"wp:term":[{"taxonomy":"category","embeddable":true,"href":"http:\/\/marceloscalona.com.ar\/index.php?rest_route=%2Fwp%2Fv2%2Fcategories&post=8674"},{"taxonomy":"post_tag","embeddable":true,"href":"http:\/\/marceloscalona.com.ar\/index.php?rest_route=%2Fwp%2Fv2%2Ftags&post=8674"}],"curies":[{"name":"wp","href":"https:\/\/api.w.org\/{rel}","templated":true}]}}