{"id":8681,"date":"2020-01-16T15:27:29","date_gmt":"2020-01-16T18:27:29","guid":{"rendered":"http:\/\/marceloscalona.com.ar\/?p=8681"},"modified":"2020-01-16T15:29:04","modified_gmt":"2020-01-16T18:29:04","slug":"hola-rae","status":"publish","type":"post","link":"http:\/\/marceloscalona.com.ar\/?p=8681","title":{"rendered":"Hola RAE *"},"content":{"rendered":"<div id=\"js_55p\" class=\"_5pbx userContent _3576\">\n<div id=\"id_5e20a9bf0b7751063853496\" class=\"text_exposed_root text_exposed\">\n<h1>.<a href=\"http:\/\/marceloscalona.com.ar\/wp-content\/uploads\/2020\/01\/lenguaje-inclusivo.png\"><img loading=\"lazy\" decoding=\"async\" class=\"alignnone size-medium wp-image-8682\" src=\"http:\/\/marceloscalona.com.ar\/wp-content\/uploads\/2020\/01\/lenguaje-inclusivo-188x103.png\" alt=\"\" width=\"188\" height=\"103\" srcset=\"http:\/\/marceloscalona.com.ar\/wp-content\/uploads\/2020\/01\/lenguaje-inclusivo-188x103.png 188w, http:\/\/marceloscalona.com.ar\/wp-content\/uploads\/2020\/01\/lenguaje-inclusivo-768x422.png 768w, http:\/\/marceloscalona.com.ar\/wp-content\/uploads\/2020\/01\/lenguaje-inclusivo-494x272.png 494w, http:\/\/marceloscalona.com.ar\/wp-content\/uploads\/2020\/01\/lenguaje-inclusivo.png 800w\" sizes=\"auto, (max-width: 188px) 100vw, 188px\" \/><\/a><\/h1>\n<h1><em><span style=\"color: #ff0000\">Hola RAE*\u00a0<\/span><\/em><\/h1>\n<h1>Gram\u00e1tica &#8211; F\u00e1bula y Vida.<br \/>\n.<\/h1>\n<p>&nbsp;<\/p>\n<h2><span style=\"color: #003366\">La gram\u00e1tica, a menudo no refleja el mundo. La buena literatura, s\u00ed.<\/span><br \/>\n<span style=\"color: #003366\">El mundo est\u00e1 dividido en muchos g\u00e9neros: mujeres, hombres, LGTBs, pero la gram\u00e1tica no. En cambio, la buena literatura s\u00ed. La gram\u00e1tica es un hecho arbitrario de sedimentaci\u00f3n secular y herencia cultural, milenaria.<\/span><br \/>\n<span style=\"color: #003366\">La gram\u00e1tica acumula del pasado. El mundo, o la vida, son un hecho tan natural como irrefutable, acumulan del presente y del futuro.<span class=\"text_exposed_show\"><br \/>\nLa buena literatura, refleja el mundo y as\u00ed, expande la conciencia y mejora la vida, incluso, la gram\u00e1tica.<br \/>\nFilolog\u00eda es amar al logos, pero el logos es lo humano, la humanidad, \u00bfhasta cuando le llamaremos por el var\u00f3n?<br \/>\nLo real es lo que se nombra, \u00bfqu\u00e9 no ser\u00eda entonces amar sino entender que el logos es m\u00faltiple, variado y que justamente esa forma infinita tambi\u00e9n debe nombrarse de tantas formas como sea posible?<br \/>\nRecuerdo a Pessoa explicando que ser es \u00abserse\u00bb, y que la identidad plena, objetiva, es la subjetiva, por eso \u00e9l ten\u00eda 8 nombres. 8 Pessoas con 8 formas de nombrarse. Con 8 formas de ser, de vivir, uno solo.<br \/>\nA esta altura del debate, no tengo dudas que a \u00abFunes, el memorioso\u00bb, le hubiera sido m\u00e1s sencillo entender y usar el lenguaje inclusivo, que al propio Borges.<br \/>\n.<br \/>\n&#8230;&#8230;&#8230;&#8230;&#8230;&#8230;&#8230;&#8230;&#8230;&#8230;\u00a0<span style=\"color: #800000\"><a class=\"_58cn\" style=\"color: #800000\" href=\"https:\/\/www.facebook.com\/hashtag\/marce?source=feed_text&amp;epa=HASHTAG\"><span class=\"_5afx\"><span class=\"_58cl _5afz\">#<\/span><span class=\"_58cm\">Marce<\/span><\/span><\/a>.<\/span><br \/>\n<span style=\"color: #800000\">** RAE Real Academia Espa\u00f1ola.<\/span><br \/>\n<span style=\"color: #800000\">.<\/span><\/span><\/span><\/h2>\n<\/div>\n<\/div>\n<div class=\"_3x-2\">\n<div>\n<div class=\"mtm\">\n<div>\n<div class=\"_5cq3 _1ktf\"><\/div>\n<\/div>\n<\/div>\n<\/div>\n<\/div>\n","protected":false},"excerpt":{"rendered":"<p>. Hola RAE*\u00a0 Gram\u00e1tica &#8211; F\u00e1bula y Vida. . &nbsp; La gram\u00e1tica, a menudo no refleja el mundo. La buena literatura, s\u00ed. El mundo est\u00e1 [&hellip;]<\/p>\n","protected":false},"author":8,"featured_media":0,"comment_status":"open","ping_status":"open","sticky":false,"template":"","format":"standard","meta":{"footnotes":""},"categories":[3],"tags":[],"class_list":["post-8681","post","type-post","status-publish","format-standard","hentry","category-taller"],"_links":{"self":[{"href":"http:\/\/marceloscalona.com.ar\/index.php?rest_route=\/wp\/v2\/posts\/8681","targetHints":{"allow":["GET"]}}],"collection":[{"href":"http:\/\/marceloscalona.com.ar\/index.php?rest_route=\/wp\/v2\/posts"}],"about":[{"href":"http:\/\/marceloscalona.com.ar\/index.php?rest_route=\/wp\/v2\/types\/post"}],"author":[{"embeddable":true,"href":"http:\/\/marceloscalona.com.ar\/index.php?rest_route=\/wp\/v2\/users\/8"}],"replies":[{"embeddable":true,"href":"http:\/\/marceloscalona.com.ar\/index.php?rest_route=%2Fwp%2Fv2%2Fcomments&post=8681"}],"version-history":[{"count":2,"href":"http:\/\/marceloscalona.com.ar\/index.php?rest_route=\/wp\/v2\/posts\/8681\/revisions"}],"predecessor-version":[{"id":8684,"href":"http:\/\/marceloscalona.com.ar\/index.php?rest_route=\/wp\/v2\/posts\/8681\/revisions\/8684"}],"wp:attachment":[{"href":"http:\/\/marceloscalona.com.ar\/index.php?rest_route=%2Fwp%2Fv2%2Fmedia&parent=8681"}],"wp:term":[{"taxonomy":"category","embeddable":true,"href":"http:\/\/marceloscalona.com.ar\/index.php?rest_route=%2Fwp%2Fv2%2Fcategories&post=8681"},{"taxonomy":"post_tag","embeddable":true,"href":"http:\/\/marceloscalona.com.ar\/index.php?rest_route=%2Fwp%2Fv2%2Ftags&post=8681"}],"curies":[{"name":"wp","href":"https:\/\/api.w.org\/{rel}","templated":true}]}}