{"id":8732,"date":"2020-03-20T18:20:30","date_gmt":"2020-03-20T21:20:30","guid":{"rendered":"http:\/\/marceloscalona.com.ar\/?p=8732"},"modified":"2020-03-20T18:22:39","modified_gmt":"2020-03-20T21:22:39","slug":"eugenia-luna","status":"publish","type":"post","link":"http:\/\/marceloscalona.com.ar\/?p=8732","title":{"rendered":"EUGENIA LUNA"},"content":{"rendered":"<h2><\/h2>\n<h2>.<a href=\"http:\/\/marceloscalona.com.ar\/wp-content\/uploads\/2020\/03\/taller-laprida-3.jpg\"><img loading=\"lazy\" decoding=\"async\" class=\"alignnone size-medium wp-image-8733\" src=\"http:\/\/marceloscalona.com.ar\/wp-content\/uploads\/2020\/03\/taller-laprida-3-188x106.jpg\" alt=\"\" width=\"188\" height=\"106\" srcset=\"http:\/\/marceloscalona.com.ar\/wp-content\/uploads\/2020\/03\/taller-laprida-3-188x106.jpg 188w, http:\/\/marceloscalona.com.ar\/wp-content\/uploads\/2020\/03\/taller-laprida-3-768x432.jpg 768w, http:\/\/marceloscalona.com.ar\/wp-content\/uploads\/2020\/03\/taller-laprida-3-494x278.jpg 494w, http:\/\/marceloscalona.com.ar\/wp-content\/uploads\/2020\/03\/taller-laprida-3-800x450.jpg 800w, http:\/\/marceloscalona.com.ar\/wp-content\/uploads\/2020\/03\/taller-laprida-3.jpg 960w\" sizes=\"auto, (max-width: 188px) 100vw, 188px\" \/><\/a><\/h2>\n<h1 class=\"_2cuy _509y _2vxa\"><span class=\"_4yxo\" style=\"color: #993300\">COMUNICACI\u00d3N vs LITERATURA.<\/span><\/h1>\n<h1 class=\"_2cuy _509y _2vxa\"><span class=\"_4yxo\" style=\"color: #993300\">MENSAJE vs. FUNCI\u00d3N PO\u00c9TICA.<\/span><\/h1>\n<h1 class=\"_2cuy _3dgx _2vxa\"><span class=\"_4yxo\" style=\"color: #993300\">Objeto de escritura: el \u00e1mbito del taller, la casa, Laprida 563.<\/span><\/h1>\n<h1 class=\"_2cuy _509y _2vxa\"><span style=\"color: #ff0000\"><span class=\"_4yxo\">A) <\/span><span class=\"_4yxo\">Informe descriptivo:<\/span><\/span><\/h1>\n<h2 class=\"_2cuy _3dgx _2vxa\"><span style=\"color: #003366\">El taller de los jueves se desarrolla en la planta alta de Laprida 563. Los ambientes donde circulan los asistentes del taller tienen sus paredes cargadas de cuadros, fotograf\u00edas y repisas con libros. Entre las obras que cuelgan de las paredes, se destacan una de Lichtenstein, que est\u00e1 junto a otras dos, ig<span class=\"text_exposed_show\">ualmente cautivantes, de Egon Schiele. Debajo de ellos, tambi\u00e9n se observa una larga secuencia de fotos de una sonriente Marilyn Monroe, justo encima del respaldar de uno de los sillones.<\/span><\/span><\/h2>\n<div class=\"text_exposed_show\">\n<h2 class=\"_2cuy _3dgx _2vxa\"><span style=\"color: #003366\">Sobre los muebles se encuentran tant\u00edsimos objetos, muchos de ellos sin otro prop\u00f3sito que el decorativo, pero sobre todo hay libros. Resulta imposible para el observador calcular cu\u00e1ntos hay, ya que est\u00e1n por donde se mire: en cada rinc\u00f3n aparece alguno. Ocupan tambi\u00e9n la mesa en el medio del living, que sostiene unas cuantas pilas de ellos, y apenas puede verse el mantel que se asoma debajo. Parece milagroso que haya lugar para los chupetines sobre aquella mesa, o para los alumnos, pero de alg\u00fan modo hallan su sitio y se disponen a escuchar atentamente a Scalona, que se sienta en uno de los \u00e1ngulos de la habitaci\u00f3n, y da comienzo a la clase alrededor de las siete.<\/span><\/h2>\n<h2 class=\"_2cuy _509y _2vxa\"><\/h2>\n<h2 class=\"_2cuy _509y _2vxa\"><span style=\"color: #ff0000\"><span class=\"_4yxo\">B)<\/span> <span class=\"_4yxo\">Lenguaje literario<\/span><\/span><\/h2>\n<h2 class=\"_2cuy _3dgx _2vxa\"><span style=\"color: #003366\">En las paredes del taller de la calle inclinada siempre se ve algo nuevo. Pod\u00e9s hacer la prueba de sentarte en el mismo lugar todas las semanas y comprobar que el espect\u00e1culo es distinto cada jueves, y no imagino qu\u00e9 pasa los mi\u00e9rcoles o por la ma\u00f1ana. Cambiar de asiento tambi\u00e9n es fascinante, pero los alumnos del taller enseguida nos hacemos de alg\u00fan favorito que nadie resigna f\u00e1cilmente.<\/span><\/h2>\n<h2 class=\"_2cuy _3dgx _2vxa\"><span style=\"color: #003366\">Mi preferido en los \u00faltimos encuentros fue el \u00e1ngulo m\u00e1s obvio. Acaso sea porque las l\u00edneas prolijas de Lichtenstein ocultan a la perfecci\u00f3n un significado segundo, y contrastan con las de la <span class=\"_4yxp\">Mujer con la pierna doblada<\/span>. Desde ese mismo \u00e1ngulo, cuando alguien se acomoda en el sill\u00f3n largo, se produce un fen\u00f3meno extra\u00f1o: la secuencia de fotos de Marilyn cobra vida, y le da al rostro intruso un aire misterioso, atrap\u00e1ndolo en la magia del blanco y negro. Un poco m\u00e1s arriba hay otras fotos en sepia, unos cuantos libros, y tambi\u00e9n un marco circular oscuro, con dos flechas que se mueven se\u00f1alando alguna cosa a la que no se le da demasiada atenci\u00f3n.<\/span><\/h2>\n<h2 class=\"_2cuy _3dgx _2vxa\"><span style=\"color: #003366\">Podr\u00eda seguir, pero la enumeraci\u00f3n quedar\u00eda incompleta de cualquier manera. Ya te dije: siempre hay algo nuevo. <span class=\"_4yxp\">S\u00f3lo una cosa no hay<\/span> en ese taller: un reloj \u00a1Vaya uno a saber qu\u00e9 hacen con el tiempo en esa casa!<\/span><\/h2>\n<h2 class=\"_2cuy _3dgx _2vxa\"><span style=\"color: #003366\">.<\/span><\/h2>\n<h2 class=\"_2cuy _3dgx _2vxa\"><span style=\"color: #003366\">&#8230;&#8230;&#8230;&#8230;&#8230;&#8230;&#8230;.EUGE\u00a0 LUNA&#8230;&#8230;&#8230;<\/span><\/h2>\n<h2>.<\/h2>\n<h2>COMENTARIO:<\/h2>\n<div>\n<div class=\" _6qw3\">\n<div class=\"_72vr\"><a class=\"_6qw4\" href=\"https:\/\/www.facebook.com\/scalona?comment_id=Y29tbWVudDoyNjIxNzM5OTU4MDY0NDgzXzI2MjE3NTMxMzEzOTY0OTk%3D\">Marcelo Enrique Scalona<\/a><span class=\"_2ltv\"><a id=\"js_3wv\" class=\"f4bffpk3 c61n2bf6\" href=\"https:\/\/www.facebook.com\/groups\/1483239868581170\/badge_member_list\/?badge_type=ADMIN\" rel=\"dialog\"><img decoding=\"async\" class=\"cv5aopd8 img\" src=\"https:\/\/static.xx.fbcdn.net\/rsrc.php\/v3\/yi\/r\/oJUaDQAiBQe.png?_nc_eui2=AeHEtJ49YyJK9Si26ZzptSLegjwwkcNVBxzomFR2rvtOU3DctMu4yhu5jfmtp8rBxbe1FfSoCPriXOBbwkQLmcc7xTYxJQ-PfRXDNoFdtknGRw\" alt=\"\" \/><\/a><\/span>\u00a0N<span dir=\"ltr\"><span class=\"_3l3x _1n4g\">\u00edtida las diferencias de lenguajes: el expresivo apela al inventario, objetivo, la suma, la foto, el documento de lo expl\u00edcito, de lo dicho. El literario elige lo particular, lo simb\u00f3lico, lo el\u00edptico, lo indirecto y la funci\u00f3n\u00a0po\u00e9tica es justamente esa, poner en evidencia algo sin nombrarlo, el momento culminante se hace con algo que no est\u00e1 (la temporalidad) y su objeto, el reloj. Esa sinestesia (mezcla de sentidos y sensaciones, c\u00f3mo se altera la visi\u00f3n y el movimiento cuando mira los cuadros o fotos y seg\u00fan d\u00f3nde se pone (en El Aleph para ver hay que ponerse exactamente en un lugar, escribir es una lectura extr\u00e1bica -Joyce-), hace que aparezca el tiempo inmensurable de la ficci\u00f3n o el poema. Pero aparece con un fantasma (el reloj no est\u00e1). Incluso, porque lo puso en cursiva, en el original de Eugenia\u00a0<a class=\"\" href=\"https:\/\/www.facebook.com\/euge.luna.12?hc_location=ufi\">Euge Luna<\/a>, que tengo yo, la cursiva indica que la frase SOLO UNA COSA NO HAY&#8230; es de alguien, un intertexto. .. de Borges, del poema EVERNESS. Poes\u00eda es colocar algo decisivo en un texto sin decirlo. Eso es la funci\u00f3n po\u00e9tica que tiene la literatura y que no tiene, no debe tener la comunicaci\u00f3n. Gran trabajo. Gracias.<\/span><\/span><\/div>\n<\/div>\n<\/div>\n<h2 class=\"_6cuq\"><\/h2>\n<\/div>\n","protected":false},"excerpt":{"rendered":"<p>. COMUNICACI\u00d3N vs LITERATURA. MENSAJE vs. FUNCI\u00d3N PO\u00c9TICA. Objeto de escritura: el \u00e1mbito del taller, la casa, Laprida 563. A) Informe descriptivo: El taller de [&hellip;]<\/p>\n","protected":false},"author":8,"featured_media":0,"comment_status":"open","ping_status":"open","sticky":false,"template":"","format":"standard","meta":{"footnotes":""},"categories":[3],"tags":[],"class_list":["post-8732","post","type-post","status-publish","format-standard","hentry","category-taller"],"_links":{"self":[{"href":"http:\/\/marceloscalona.com.ar\/index.php?rest_route=\/wp\/v2\/posts\/8732","targetHints":{"allow":["GET"]}}],"collection":[{"href":"http:\/\/marceloscalona.com.ar\/index.php?rest_route=\/wp\/v2\/posts"}],"about":[{"href":"http:\/\/marceloscalona.com.ar\/index.php?rest_route=\/wp\/v2\/types\/post"}],"author":[{"embeddable":true,"href":"http:\/\/marceloscalona.com.ar\/index.php?rest_route=\/wp\/v2\/users\/8"}],"replies":[{"embeddable":true,"href":"http:\/\/marceloscalona.com.ar\/index.php?rest_route=%2Fwp%2Fv2%2Fcomments&post=8732"}],"version-history":[{"count":3,"href":"http:\/\/marceloscalona.com.ar\/index.php?rest_route=\/wp\/v2\/posts\/8732\/revisions"}],"predecessor-version":[{"id":8736,"href":"http:\/\/marceloscalona.com.ar\/index.php?rest_route=\/wp\/v2\/posts\/8732\/revisions\/8736"}],"wp:attachment":[{"href":"http:\/\/marceloscalona.com.ar\/index.php?rest_route=%2Fwp%2Fv2%2Fmedia&parent=8732"}],"wp:term":[{"taxonomy":"category","embeddable":true,"href":"http:\/\/marceloscalona.com.ar\/index.php?rest_route=%2Fwp%2Fv2%2Fcategories&post=8732"},{"taxonomy":"post_tag","embeddable":true,"href":"http:\/\/marceloscalona.com.ar\/index.php?rest_route=%2Fwp%2Fv2%2Ftags&post=8732"}],"curies":[{"name":"wp","href":"https:\/\/api.w.org\/{rel}","templated":true}]}}