{"id":8755,"date":"2020-03-24T20:46:45","date_gmt":"2020-03-24T23:46:45","guid":{"rendered":"http:\/\/marceloscalona.com.ar\/?p=8755"},"modified":"2020-03-24T21:06:23","modified_gmt":"2020-03-25T00:06:23","slug":"cali-esquivel-laprida-563","status":"publish","type":"post","link":"http:\/\/marceloscalona.com.ar\/?p=8755","title":{"rendered":"CALI ESQUIVEL &#8211; Laprida 563"},"content":{"rendered":"<h1>.<a href=\"http:\/\/marceloscalona.com.ar\/wp-content\/uploads\/2020\/03\/la-calle-inclinada-9.jpg\"><img loading=\"lazy\" decoding=\"async\" class=\"alignnone size-medium wp-image-8756\" src=\"http:\/\/marceloscalona.com.ar\/wp-content\/uploads\/2020\/03\/la-calle-inclinada-9-188x110.jpg\" alt=\"\" width=\"188\" height=\"110\" srcset=\"http:\/\/marceloscalona.com.ar\/wp-content\/uploads\/2020\/03\/la-calle-inclinada-9-188x110.jpg 188w, http:\/\/marceloscalona.com.ar\/wp-content\/uploads\/2020\/03\/la-calle-inclinada-9-768x451.jpg 768w, http:\/\/marceloscalona.com.ar\/wp-content\/uploads\/2020\/03\/la-calle-inclinada-9-494x290.jpg 494w, http:\/\/marceloscalona.com.ar\/wp-content\/uploads\/2020\/03\/la-calle-inclinada-9-800x470.jpg 800w, http:\/\/marceloscalona.com.ar\/wp-content\/uploads\/2020\/03\/la-calle-inclinada-9.jpg 920w\" sizes=\"auto, (max-width: 188px) 100vw, 188px\" \/><\/a><\/h1>\n<h1><span style=\"color: #ff0000\"><strong><em>Taller literario de la calle inclinada<\/em><\/strong><\/span><\/h1>\n<p>,<\/p>\n<h2><span style=\"color: #003366\"><strong>Rosario es muchas cosas a la vez, es geograf\u00eda, que al recostarse al r\u00edo, el Paran\u00e1 es met\u00e1fora, la historia junto al puerto, y para la memoria, granero del mundo. En un se\u00f1alamiento Laprida 563, se impone por estar ah\u00ed, su lugar \u201ccalle inclinada\u201d,\u00a0 ep\u00edteto que identifica a la planta alta donde se tejen ilusiones, entre relatos y pasi\u00f3n. Marcelo, el inspirador del taller literario, deshila citas de autores, con el lenguaje y la escritura, que nos convoca al deseo en d\u00edas jueves.<\/strong><\/span><\/h2>\n<h2><span style=\"color: #003366\"><strong>Laprida es sesgada topograf\u00eda de antiguas barrancas, perpendicular al r\u00edo. Para los archivos se llam\u00f3 \u00abComercio\u00bb y por ordenanza del a\u00f1o 1905 lleva el nombre actual. Esta arteria se inicia a la altura del 500 y su recorrido se extiende en 62 cuadras, seg\u00fan la orientaci\u00f3n de norte al sur. En el inicio del siglo veinte este tramo fue residencia de casonas de familias acomodadas. Hoy conserva viejas fachadas. Este solar es testimonio de aquellos tiempos.<\/strong><\/span><\/h2>\n<h2><span style=\"color: #003366\"><strong>Seg\u00fan de donde vengas, esa cuadra se sube o se baja, ah\u00ed est\u00e1 el timbre y la puerta verde, el espacio se ampl\u00eda junto a la escalera en doble altura; al transitarla, los objetos colgados anticipan el mobiliario, puerta a cancel, los ambientes se conectan entre s\u00ed; las paredes saturadas alojan cuadros de marcos llenos y vacios, reproducciones y originales de obras chicas y grandes. Hay fotos de personajes que con la pura presencia dialogan. La circulaci\u00f3n rota del espacio escritorio continuando a la sala de la casa, en doble funci\u00f3n de biblioteca; en la centralidad una mesa ratona de libros apilados\u00a0 esperan junto a copones de vidrios con golosinas, arriba cuelga un ventilador siempre funcionando. El ventanal y la luz de calle presiden a todo el per\u00edmetro con los asientos: sillones, sillas y banquetas. Frente a m\u00ed, un marco en el que se destaca la autor\u00eda de Lichtenstein, representa un perfil de mujer que llora y evoca al hombre. Es una imagen del arte pop, una vi\u00f1eta de comic ampliada en escala grande, el pixelado mec\u00e1nico aqu\u00ed son puntos relevantes. Ese cuadro, en el que no veo belleza, lo tengo en frente y me interpela, siempre con alg\u00fan pensamiento.<\/strong><\/span><\/h2>\n<p><span style=\"color: #003366\">.<\/span><\/p>\n<p>&#8230;&#8230;&#8230;&#8230;&#8230;&#8230;&#8230;&#8230;&#8230;&#8230;&#8230;&#8230;&#8230;&#8230;&#8230;&#8230;&#8230;&#8230;&#8230;&#8230;&#8230;&#8230;&#8230;&#8230;&#8230;&#8230;&#8230;&#8230;&#8230;&#8230;&#8230;&#8230;&#8230;&#8230;&#8230;&#8230;..<\/p>\n<h2><span style=\"color: #ff0000\"><strong>La Planta Alta del 563<\/strong><\/span><\/h2>\n<h2><span style=\"color: #003366\">Cuando\u00a0 una sociedad no asume su tradici\u00f3n, ese olvido es vac\u00edo. Rosario tiene un pasado prostibulario, su puerto granero del mundo y algunos hechos culturales que la hizo relevante. Muchos de sus visitantes fueron ilustres y otros an\u00f3nimos, algunos se hicieron visibles y hay quienes se ocultaron.<\/span><\/h2>\n<h2><span style=\"color: #003366\">Lo que relato puedo afirmar a ciencia cierta, que en 1969, antes de separarse, estuvieron en Rosario, los Beatles, s\u00ed, lo que lee\u2026 \u00a1los Beatles!. Hay fotos de ellos caminando por el Monumento, al igual que la famosa tapa de un disco donde cruzan una calle sobre las cebras pintadas en el pavimento. Unos j\u00f3venes que fumaban marihuana se sorprendieron al verlos y comenzaron a cargarlos\u2026\u00a0 \u00bfQu\u00e9&#8230; se hacen los lindos, ahora, disfrazados de Beatles? El \u00fanico que hablaba un poco de espa\u00f1ol era Paul, y les respondi\u00f3 con una mala pronunciaci\u00f3n \u201c\u2026esa cosa green que consumen no sirve\u2026\u201d \u201c\u2026la bombilla que beben de Argentina es medicina\u2026\u201d.<\/span><\/h2>\n<h2><span style=\"color: #003366\">Los muchachos se cagaron de risa, y todo termin\u00f3 olvidado. Esa fue la extra\u00f1a salida que hicieron, \u00e9l \u00fanico que lo vio y reconoci\u00f3 fue Cachilo, que le sugiri\u00f3 algunas letras y luego lo registr\u00f3 en una pared: \u00able dije a los Beatles, aqu\u00ed est\u00e1 la bandera idolatrada, regalada\u201d.<\/span><\/h2>\n<h2><span style=\"color: #003366\">Tiempo despu\u00e9s, me chiflaron que no se hab\u00edan alojados en hotel y durmieron una noche en el departamento de la planta alta del 563 de la calle inclinada. Pasaron la noche escuchando los Chalchaleros, comieron empanadas y tomaron mucho vino tinto.<\/span><\/h2>\n<h2><span style=\"color: #003366\">.<\/span><\/h2>\n<h2><span style=\"color: #003366\">&#8230;&#8230;&#8230;&#8230;&#8230;&#8230;&#8230;&#8230;&#8230;.Cali Esquivel<\/span><\/h2>\n<h2><span style=\"color: #003366\">Final del verano 2020<\/span><\/h2>\n<h2>&#8230;&#8230;&#8230;&#8230;&#8230;..<\/h2>\n<h2>COMENTARIO &#8211; Marcelo Scalona: clar\u00edsima comprensi\u00f3n de los dos lenguajes. El primer texto, claramente descriptivo-informativo, compone los elementos cual arquitecto, informando t\u00e9cnicamente el desarrollo de la casa as\u00ed como sus adornos o mobiliario, integrado todo en aspectos culturales, sociales, art\u00edsticos y finalmente, en la \u00faltima l\u00ednea de dicho texto, sin embargo, aparece una declinaci\u00f3n o disputa o duda est\u00e9tica respecto a un pintor en particular, lo que abre o desliza el texto a lo literario, que va a ser retomado con vigor en el segundo texto, donde aparecen otros paradigmas de sentido: el humor, la fantas\u00eda, lo inexplicable, la parodia y lo mejor de todo, el intertexo, gran recurso literario, en este caso en cabeza del poeta popular de Rosario, Alberto Cachilo, atribuy\u00e9ndole uno de sus aforismos a la fant\u00e1stica visita de Los Beatles a la ciudad. La prosa de este segundo texto, a diferencia del primero, es mucho m\u00e1s fluida, fresca, intratable, en sano contaste al rigor del informe del primer texto. Se percibe en esa disposici\u00f3n de apertura del lenguaje, en su crisis (insinuada con el tema Lichtenstein al final del primer relato), el n\u00facleo de la atividad del taller, el deslizamiento, el paso, de un lenguaje a otro, de un sentido a otro. EXCELENTE.<\/h2>\n","protected":false},"excerpt":{"rendered":"<p>. Taller literario de la calle inclinada , Rosario es muchas cosas a la vez, es geograf\u00eda, que al recostarse al r\u00edo, el Paran\u00e1 es [&hellip;]<\/p>\n","protected":false},"author":8,"featured_media":0,"comment_status":"open","ping_status":"open","sticky":false,"template":"","format":"standard","meta":{"footnotes":""},"categories":[3],"tags":[],"class_list":["post-8755","post","type-post","status-publish","format-standard","hentry","category-taller"],"_links":{"self":[{"href":"http:\/\/marceloscalona.com.ar\/index.php?rest_route=\/wp\/v2\/posts\/8755","targetHints":{"allow":["GET"]}}],"collection":[{"href":"http:\/\/marceloscalona.com.ar\/index.php?rest_route=\/wp\/v2\/posts"}],"about":[{"href":"http:\/\/marceloscalona.com.ar\/index.php?rest_route=\/wp\/v2\/types\/post"}],"author":[{"embeddable":true,"href":"http:\/\/marceloscalona.com.ar\/index.php?rest_route=\/wp\/v2\/users\/8"}],"replies":[{"embeddable":true,"href":"http:\/\/marceloscalona.com.ar\/index.php?rest_route=%2Fwp%2Fv2%2Fcomments&post=8755"}],"version-history":[{"count":4,"href":"http:\/\/marceloscalona.com.ar\/index.php?rest_route=\/wp\/v2\/posts\/8755\/revisions"}],"predecessor-version":[{"id":8760,"href":"http:\/\/marceloscalona.com.ar\/index.php?rest_route=\/wp\/v2\/posts\/8755\/revisions\/8760"}],"wp:attachment":[{"href":"http:\/\/marceloscalona.com.ar\/index.php?rest_route=%2Fwp%2Fv2%2Fmedia&parent=8755"}],"wp:term":[{"taxonomy":"category","embeddable":true,"href":"http:\/\/marceloscalona.com.ar\/index.php?rest_route=%2Fwp%2Fv2%2Fcategories&post=8755"},{"taxonomy":"post_tag","embeddable":true,"href":"http:\/\/marceloscalona.com.ar\/index.php?rest_route=%2Fwp%2Fv2%2Ftags&post=8755"}],"curies":[{"name":"wp","href":"https:\/\/api.w.org\/{rel}","templated":true}]}}