{"id":8803,"date":"2020-04-30T17:09:30","date_gmt":"2020-04-30T20:09:30","guid":{"rendered":"http:\/\/marceloscalona.com.ar\/?p=8803"},"modified":"2020-04-30T17:09:30","modified_gmt":"2020-04-30T20:09:30","slug":"ricitos-1","status":"publish","type":"post","link":"http:\/\/marceloscalona.com.ar\/?p=8803","title":{"rendered":"RICITOS (1)"},"content":{"rendered":"<p>&nbsp;<\/p>\n<h1>.<\/h1>\n<div id=\"attachment_8804\" style=\"width: 198px\" class=\"wp-caption alignnone\"><a href=\"http:\/\/marceloscalona.com.ar\/wp-content\/uploads\/2020\/04\/Ricitos-1.jpg\"><img loading=\"lazy\" decoding=\"async\" aria-describedby=\"caption-attachment-8804\" class=\"size-medium wp-image-8804\" src=\"http:\/\/marceloscalona.com.ar\/wp-content\/uploads\/2020\/04\/Ricitos-1-188x125.jpg\" alt=\"\" width=\"188\" height=\"125\" srcset=\"http:\/\/marceloscalona.com.ar\/wp-content\/uploads\/2020\/04\/Ricitos-1-188x125.jpg 188w, http:\/\/marceloscalona.com.ar\/wp-content\/uploads\/2020\/04\/Ricitos-1-494x329.jpg 494w, http:\/\/marceloscalona.com.ar\/wp-content\/uploads\/2020\/04\/Ricitos-1.jpg 640w\" sizes=\"auto, (max-width: 188px) 100vw, 188px\" \/><\/a><p id=\"caption-attachment-8804\" class=\"wp-caption-text\">26 Aug 2012 &#8212; Close up of baby girl&#8217;s face &#8212; Image by \u00a9 Alan Graf\/Corbis<\/p><\/div>\n<h1>#RICITOS\u00a0 (1)<\/h1>\n<p>.<\/p>\n<p>.<\/p>\n<h2>Esta tarde no se escucha la voz de ricitos,<\/h2>\n<h2>un leve desamparo, es domingo.<\/h2>\n<h2>Pandemia Covid19, aislamiento.<\/h2>\n<h2>El oto\u00f1o recargado con el espl\u00edn del virus,<\/h2>\n<h2>del miedo, de la distancia.<\/h2>\n<h2>Otra mujer lejos y cerca.<\/h2>\n<h2>Escucho el disco de\u00a0<a href=\"https:\/\/www.facebook.com\/pablofernando.socolsky?__tn__=%2CdK-R-R&amp;eid=ARD_yKFADNidczfVepLRcMrIinuk1jK83e9wNpF3PrKBO1vriXuu5e0vbzlaTJ59LtZFwHCcMbuApukz&amp;fref=mentions\">Pablo Socolsky<\/a><\/h2>\n<h2>\u201cLa forma inicial\u201d no es la voz de Ricitos<\/h2>\n<h2>ni la de la mujer lejos,<\/h2>\n<h2>pero las dos asordinan el espanto<\/h2>\n<h2>y suavizan la hora<\/h2>\n<h2>y parece que caen juntas hacia el r\u00edo,<\/h2>\n<h2>las notas y la tarde.<\/h2>\n<h2>Como un Debussy barrial<\/h2>\n<h2>y Tablada como Guermantes.<\/h2>\n<h2>\u00bfQu\u00e9 har\u00e1 Ricitos que no se escucha?<\/h2>\n<h2>\u00bfQu\u00e9 har\u00e1n mis hijos?<\/h2>\n<h2>\u00bfQu\u00e9 haremos cuando esto pase&#8230;?<\/h2>\n<h2>\u00bfQu\u00e9 har\u00e1 mi mujer que a\u00fan est\u00e1 lejos?<\/h2>\n<h2>.<\/h2>\n<h2>De pronto irrumpe la delicia<\/h2>\n<h2>del perfume de las hojas quemadas.<\/h2>\n<h2>Alguien incendia esas lajas de cobre<\/h2>\n<h2>que caen de los \u00e1rboles.<\/h2>\n<h2>Es de calle Alem,<\/h2>\n<h2>debe ser Rosa en la esquina<\/h2>\n<h2>o do\u00f1a Alcira,<\/h2>\n<h2>con el bat\u00f3n y la escoba en 1971.<\/h2>\n<h2>Qu\u00e9 l\u00e1stima que no est\u00e9 Ricitos para contarle.<\/h2>\n<h2>De golpe se ha nublado<\/h2>\n<h2>como en el poema de Quasimodo<\/h2>\n<h2>y por mi parte estoy mal,<\/h2>\n<h2>estos d\u00edas casi no sue\u00f1o.<\/h2>\n<h2>.<\/h2>\n<h2>.<\/h2>\n<h2>.\u00a0\u00a0\u00a0\u00a0\u00a0\u00a0\u00a0\u00a0\u00a0\u00a0\u00a0\u00a0 \u2026\u2026\u2026\u2026\u2026\u2026\u2026..\u2026.MARCE<\/h2>\n<h2>12-04-20<\/h2>\n","protected":false},"excerpt":{"rendered":"<p>&nbsp; . #RICITOS\u00a0 (1) . . Esta tarde no se escucha la voz de ricitos, un leve desamparo, es domingo. Pandemia Covid19, aislamiento. El oto\u00f1o [&hellip;]<\/p>\n","protected":false},"author":8,"featured_media":0,"comment_status":"open","ping_status":"open","sticky":false,"template":"","format":"standard","meta":{"footnotes":""},"categories":[3],"tags":[],"class_list":["post-8803","post","type-post","status-publish","format-standard","hentry","category-taller"],"_links":{"self":[{"href":"http:\/\/marceloscalona.com.ar\/index.php?rest_route=\/wp\/v2\/posts\/8803","targetHints":{"allow":["GET"]}}],"collection":[{"href":"http:\/\/marceloscalona.com.ar\/index.php?rest_route=\/wp\/v2\/posts"}],"about":[{"href":"http:\/\/marceloscalona.com.ar\/index.php?rest_route=\/wp\/v2\/types\/post"}],"author":[{"embeddable":true,"href":"http:\/\/marceloscalona.com.ar\/index.php?rest_route=\/wp\/v2\/users\/8"}],"replies":[{"embeddable":true,"href":"http:\/\/marceloscalona.com.ar\/index.php?rest_route=%2Fwp%2Fv2%2Fcomments&post=8803"}],"version-history":[{"count":1,"href":"http:\/\/marceloscalona.com.ar\/index.php?rest_route=\/wp\/v2\/posts\/8803\/revisions"}],"predecessor-version":[{"id":8805,"href":"http:\/\/marceloscalona.com.ar\/index.php?rest_route=\/wp\/v2\/posts\/8803\/revisions\/8805"}],"wp:attachment":[{"href":"http:\/\/marceloscalona.com.ar\/index.php?rest_route=%2Fwp%2Fv2%2Fmedia&parent=8803"}],"wp:term":[{"taxonomy":"category","embeddable":true,"href":"http:\/\/marceloscalona.com.ar\/index.php?rest_route=%2Fwp%2Fv2%2Fcategories&post=8803"},{"taxonomy":"post_tag","embeddable":true,"href":"http:\/\/marceloscalona.com.ar\/index.php?rest_route=%2Fwp%2Fv2%2Ftags&post=8803"}],"curies":[{"name":"wp","href":"https:\/\/api.w.org\/{rel}","templated":true}]}}