{"id":8808,"date":"2020-05-09T11:10:26","date_gmt":"2020-05-09T14:10:26","guid":{"rendered":"http:\/\/marceloscalona.com.ar\/?p=8808"},"modified":"2020-05-09T11:10:26","modified_gmt":"2020-05-09T14:10:26","slug":"murio-el-trinche-carlovich","status":"publish","type":"post","link":"http:\/\/marceloscalona.com.ar\/?p=8808","title":{"rendered":"MURI\u00d3 EL TRINCHE CARLOVICH"},"content":{"rendered":"<h1>.<a href=\"http:\/\/marceloscalona.com.ar\/wp-content\/uploads\/2020\/05\/Trinche.jpg\"><img loading=\"lazy\" decoding=\"async\" class=\"alignnone size-medium wp-image-8809\" src=\"http:\/\/marceloscalona.com.ar\/wp-content\/uploads\/2020\/05\/Trinche-127x188.jpg\" alt=\"\" width=\"127\" height=\"188\" srcset=\"http:\/\/marceloscalona.com.ar\/wp-content\/uploads\/2020\/05\/Trinche-127x188.jpg 127w, http:\/\/marceloscalona.com.ar\/wp-content\/uploads\/2020\/05\/Trinche-334x494.jpg 334w, http:\/\/marceloscalona.com.ar\/wp-content\/uploads\/2020\/05\/Trinche-406x600.jpg 406w, http:\/\/marceloscalona.com.ar\/wp-content\/uploads\/2020\/05\/Trinche.jpg 636w\" sizes=\"auto, (max-width: 127px) 100vw, 127px\" \/><\/a><\/h1>\n<h1 id=\"id_5eb6b71f9c9aa9c29480936\" class=\"text_exposed_root text_exposed\"><strong>MURI\u00d3 EL TRINCHE CARLOVICH<\/strong><\/h1>\n<h1 class=\"text_exposed_root text_exposed\"><strong>.<\/strong><\/h1>\n<h2 class=\"text_exposed_root text_exposed\">.<br \/>\nHoy muri\u00f3 el Trinche Carlovich, pero es una formalidad. Los valores y los sue\u00f1os que \u00e9l encarnaba, fueron arrasados hace mucho tiempo. Las v\u00edctimas de ese proceso brutal e impiadoso lo asesinaron por una bicicleta. Pero no hay verdugos, no hay asesinos. Esos pobres junkies de la miseria que lo hicieron, son escoria del sistema. Los verdugos est\u00e1n lejos o muy arriba.<br \/>\nEl C\u00f3digo Penal serv\u00eda, ten\u00eda sent<span class=\"text_exposed_show\">ido, cuando la vida humana ten\u00eda valor. Ahora es un decorado.<br \/>\n\u00bfCu\u00e1nto vale una bicicleta usada?<br \/>\n\u00bfCu\u00e1nto vale un faso, un gramo de talco?<br \/>\n\u00bfCu\u00e1nto vale la vida humana?<br \/>\n.<br \/>\nEl Trinche no ten\u00eda nada material. Nunca tuvo, porque era un alma pura y un hombre bueno. Era un artista. Un mago, una gloria viviente. Pero ya no quedan altares. El altar era la vida humana y el cielo es un decorado. Matar al Trinche es como matar a un ruise\u00f1or o a un colibr\u00ed. Es como matar a un ni\u00f1o. No queda nada.<br \/>\nPara muchos de nosotros la infancia era la patria: hoy nos cortaron las piernas. <\/span><\/h2>\n<h2 class=\"text_exposed_root text_exposed\"><span class=\"text_exposed_show\">&#8230;&#8230;&#8230;&#8230;&#8230;&#8230;&#8230;&#8230;&#8230;&#8230;&#8230;Marce.<br \/>\n.<\/span><\/h2>\n<div id=\"fbPhotoSnowliftProductMiniListHscroll\" class=\"fbCommerceProductMiniListHscroll\"><\/div>\n<div id=\"fbPhotoSnowliftLegacyTagList\" class=\"pts fbPhotoLegacyTagList\">\n<div><\/div>\n<\/div>\n<div id=\"fbPhotoSnowliftCallToActionButton\" class=\"fbPhotosPhotoButtons\"><\/div>\n<div id=\"fbPhotoSnowliftPhotoFundraiser\"><\/div>\n<div id=\"fbPhotoSnowliftOwnerButtons\" class=\"mvm fbPhotosPhotoOwnerButtons stat_elem\">\n<div id=\"photosTruncatingUIButtonGroup\" class=\"_51xa _3-8m _3-90\"><\/div>\n<\/div>\n","protected":false},"excerpt":{"rendered":"<p>. MURI\u00d3 EL TRINCHE CARLOVICH . . Hoy muri\u00f3 el Trinche Carlovich, pero es una formalidad. Los valores y los sue\u00f1os que \u00e9l encarnaba, fueron [&hellip;]<\/p>\n","protected":false},"author":8,"featured_media":0,"comment_status":"open","ping_status":"open","sticky":false,"template":"","format":"standard","meta":{"footnotes":""},"categories":[3],"tags":[],"class_list":["post-8808","post","type-post","status-publish","format-standard","hentry","category-taller"],"_links":{"self":[{"href":"http:\/\/marceloscalona.com.ar\/index.php?rest_route=\/wp\/v2\/posts\/8808","targetHints":{"allow":["GET"]}}],"collection":[{"href":"http:\/\/marceloscalona.com.ar\/index.php?rest_route=\/wp\/v2\/posts"}],"about":[{"href":"http:\/\/marceloscalona.com.ar\/index.php?rest_route=\/wp\/v2\/types\/post"}],"author":[{"embeddable":true,"href":"http:\/\/marceloscalona.com.ar\/index.php?rest_route=\/wp\/v2\/users\/8"}],"replies":[{"embeddable":true,"href":"http:\/\/marceloscalona.com.ar\/index.php?rest_route=%2Fwp%2Fv2%2Fcomments&post=8808"}],"version-history":[{"count":1,"href":"http:\/\/marceloscalona.com.ar\/index.php?rest_route=\/wp\/v2\/posts\/8808\/revisions"}],"predecessor-version":[{"id":8810,"href":"http:\/\/marceloscalona.com.ar\/index.php?rest_route=\/wp\/v2\/posts\/8808\/revisions\/8810"}],"wp:attachment":[{"href":"http:\/\/marceloscalona.com.ar\/index.php?rest_route=%2Fwp%2Fv2%2Fmedia&parent=8808"}],"wp:term":[{"taxonomy":"category","embeddable":true,"href":"http:\/\/marceloscalona.com.ar\/index.php?rest_route=%2Fwp%2Fv2%2Fcategories&post=8808"},{"taxonomy":"post_tag","embeddable":true,"href":"http:\/\/marceloscalona.com.ar\/index.php?rest_route=%2Fwp%2Fv2%2Ftags&post=8808"}],"curies":[{"name":"wp","href":"https:\/\/api.w.org\/{rel}","templated":true}]}}