{"id":8818,"date":"2020-05-14T10:47:18","date_gmt":"2020-05-14T13:47:18","guid":{"rendered":"http:\/\/marceloscalona.com.ar\/?p=8818"},"modified":"2020-05-14T10:49:06","modified_gmt":"2020-05-14T13:49:06","slug":"ricitos-3","status":"publish","type":"post","link":"http:\/\/marceloscalona.com.ar\/?p=8818","title":{"rendered":"RICITOS -3-"},"content":{"rendered":"<div id=\"js_110j\" class=\"_5pbx userContent _3576\">\n<div id=\"id_5ebd4b0d450781156180493\" class=\"text_exposed_root text_exposed\">\n<h1>.<a href=\"http:\/\/marceloscalona.com.ar\/wp-content\/uploads\/2020\/05\/Ricitos-3.jpg\"><img loading=\"lazy\" decoding=\"async\" class=\"alignnone size-medium wp-image-8819\" src=\"http:\/\/marceloscalona.com.ar\/wp-content\/uploads\/2020\/05\/Ricitos-3-188x125.jpg\" alt=\"\" width=\"188\" height=\"125\" srcset=\"http:\/\/marceloscalona.com.ar\/wp-content\/uploads\/2020\/05\/Ricitos-3-188x125.jpg 188w, http:\/\/marceloscalona.com.ar\/wp-content\/uploads\/2020\/05\/Ricitos-3.jpg 275w\" sizes=\"auto, (max-width: 188px) 100vw, 188px\" \/><\/a><\/h1>\n<h1><a class=\"_58cn\" href=\"https:\/\/www.facebook.com\/hashtag\/ricitos?__eep__=6&amp;source=feed_text&amp;epa=HASHTAG&amp;__xts__%5B0%5D=68.ARAoEuL3US43YpLDrjN1fdIhXGxUPnjudnkkxEEsnscexd8O4BBQ_Uvh0R6CDxGcZkvx9BoaQG6oLcXOtOSBbxz_wpovW5lNI9TsfWR69kKf9OZyKFsi_5SRIre-5EsYPWy91sbi6xa-eQWJGi8TaGvFBDmyj7xFpgLMtY1m3zDAAYK73yGGLUFSkgK7lKFuH_yaezYNRYaqnKizqYTMG8UWQKhTuUaOLqCSKZF9jDIW8rf5KhlzatLuEz7YfxFM55uI9I-yiHBmXX39kgV0sNupUPkOXJIWEdInqGHuzu-LaY3Izsw22-Vc6RTZjZsSIBcos6oJ6jqoEwitJ3vGARKPPQ&amp;__tn__=%2ANK-R\"><span class=\"_5afx\"><span class=\"_58cl _5afz\">#<\/span><span class=\"_58cm\">RICITOS<\/span><\/span><\/a>\u00a0&#8211; 3 &#8211;<br \/>\n.<br \/>\nLa tarde leve de oto\u00f1o<\/h1>\n<h1>\nel sol tibio de las 3 de la tarde.<\/h1>\n<h1>\nLa hora que nac\u00ed, dec\u00eda madre<\/h1>\n<h1><span class=\"text_exposed_show\"><br \/>\nla que nazco.<\/span><\/h1>\n<h1><span class=\"text_exposed_show\"><br \/>\nMe pongo en la terraza<\/span><\/h1>\n<h1><span class=\"text_exposed_show\"><br \/>\na preparar una clase de taller <\/span><\/h1>\n<h1><span class=\"text_exposed_show\">literario:<\/span><\/h1>\n<h1><span class=\"text_exposed_show\"><br \/>\nGarden Party, de Katherine Mansfield<\/span><\/h1>\n<h1><span class=\"text_exposed_show\"><br \/>\nuno de los cuentos m\u00e1s bellos<\/span><\/h1>\n<h1><span class=\"text_exposed_show\"><br \/>\nde la historia de la literatura.<\/span><\/h1>\n<h1><span class=\"text_exposed_show\"><br \/>\nDe los 10 m\u00e1s bellos, seguro&#8230;<\/span><\/h1>\n<h1><span class=\"text_exposed_show\"><br \/>\n\u00bfQui\u00e9n lo dice?<\/span><\/h1>\n<h1><span class=\"text_exposed_show\"><br \/>\nYo.<\/span><\/h1>\n<h1><span class=\"text_exposed_show\"><br \/>\n\u00bfD\u00f3nde?<\/span><\/h1>\n<h1><span class=\"text_exposed_show\"><br \/>\nEsta tarde<\/span><\/h1>\n<h1><span class=\"text_exposed_show\"><br \/>\nllena de sol y lajas naranjas<\/span><\/h1>\n<h1><span class=\"text_exposed_show\"><br \/>\ndel rius de la calle<\/span><\/h1>\n<h1><span class=\"text_exposed_show\"><br \/>\ny \u00ablas ni\u00f1as fantasmales<\/span><\/h1>\n<h1><span class=\"text_exposed_show\"><br \/>\nde velos di\u00e1fanos\u00bb.<\/span><\/h1>\n<h1><span class=\"text_exposed_show\"><br \/>\n.<br \/>\nRicitos a\u00fan no sale ni se oye<\/span><\/h1>\n<h1><span class=\"text_exposed_show\"><br \/>\nduerme o estudia<\/span><\/h1>\n<h1><span class=\"text_exposed_show\"><br \/>\nmientras el personaje de Laurita<\/span><\/h1>\n<h1><span class=\"text_exposed_show\"><br \/>\ntrajina la fiesta de su jard\u00edn<\/span><\/h1>\n<h1><span class=\"text_exposed_show\"><br \/>\nen 1922,<\/span><\/h1>\n<h1><span class=\"text_exposed_show\"><br \/>\nen Setter o Yorkshire.<br \/>\n.<br \/>\nPienso que si Ricitos saliera ahora<\/span><\/h1>\n<h1><span class=\"text_exposed_show\"><br \/>\ny hablara,<\/span><\/h1>\n<h1><span class=\"text_exposed_show\"><br \/>\npodr\u00eda confundir a las dos<\/span><\/h1>\n<h1><span class=\"text_exposed_show\"><br \/>\na Ricitos con Laura Sheridan,<\/span><\/h1>\n<h1><span class=\"text_exposed_show\"><br \/>\nporque las dos tienen<\/span><\/h1>\n<h1><span class=\"text_exposed_show\"><br \/>\nel mismo garbo y gracia<\/span><\/h1>\n<h1><span class=\"text_exposed_show\"><br \/>\ny andan todo el tiempo<\/span><\/h1>\n<h1><span class=\"text_exposed_show\"><br \/>\nsalvando el mundo<\/span><\/h1>\n<h1><span class=\"text_exposed_show\"><br \/>\ncon el pan y manteca en las manos.<br \/>\n.<br \/>\n.<br \/>\n.<br \/>\n&#8230;&#8230;&#8230;&#8230;&#8230;&#8230;&#8230;&#8230;&#8230;.Marce&#8230;.<br \/>\n.<\/span><\/h1>\n<\/div>\n<\/div>\n<div class=\"_3x-2\">\n<div>\n<div class=\"mtm\">\n<div>\n<div class=\"_5cq3 _1ktf\"><\/div>\n<\/div>\n<\/div>\n<\/div>\n<\/div>\n","protected":false},"excerpt":{"rendered":"<p>. #RICITOS\u00a0&#8211; 3 &#8211; . La tarde leve de oto\u00f1o el sol tibio de las 3 de la tarde. La hora que nac\u00ed, dec\u00eda madre [&hellip;]<\/p>\n","protected":false},"author":8,"featured_media":0,"comment_status":"open","ping_status":"open","sticky":false,"template":"","format":"standard","meta":{"footnotes":""},"categories":[3],"tags":[],"class_list":["post-8818","post","type-post","status-publish","format-standard","hentry","category-taller"],"_links":{"self":[{"href":"http:\/\/marceloscalona.com.ar\/index.php?rest_route=\/wp\/v2\/posts\/8818","targetHints":{"allow":["GET"]}}],"collection":[{"href":"http:\/\/marceloscalona.com.ar\/index.php?rest_route=\/wp\/v2\/posts"}],"about":[{"href":"http:\/\/marceloscalona.com.ar\/index.php?rest_route=\/wp\/v2\/types\/post"}],"author":[{"embeddable":true,"href":"http:\/\/marceloscalona.com.ar\/index.php?rest_route=\/wp\/v2\/users\/8"}],"replies":[{"embeddable":true,"href":"http:\/\/marceloscalona.com.ar\/index.php?rest_route=%2Fwp%2Fv2%2Fcomments&post=8818"}],"version-history":[{"count":3,"href":"http:\/\/marceloscalona.com.ar\/index.php?rest_route=\/wp\/v2\/posts\/8818\/revisions"}],"predecessor-version":[{"id":8822,"href":"http:\/\/marceloscalona.com.ar\/index.php?rest_route=\/wp\/v2\/posts\/8818\/revisions\/8822"}],"wp:attachment":[{"href":"http:\/\/marceloscalona.com.ar\/index.php?rest_route=%2Fwp%2Fv2%2Fmedia&parent=8818"}],"wp:term":[{"taxonomy":"category","embeddable":true,"href":"http:\/\/marceloscalona.com.ar\/index.php?rest_route=%2Fwp%2Fv2%2Fcategories&post=8818"},{"taxonomy":"post_tag","embeddable":true,"href":"http:\/\/marceloscalona.com.ar\/index.php?rest_route=%2Fwp%2Fv2%2Ftags&post=8818"}],"curies":[{"name":"wp","href":"https:\/\/api.w.org\/{rel}","templated":true}]}}