{"id":8838,"date":"2020-06-11T22:41:20","date_gmt":"2020-06-12T01:41:20","guid":{"rendered":"http:\/\/marceloscalona.com.ar\/?p=8838"},"modified":"2020-06-11T22:41:20","modified_gmt":"2020-06-12T01:41:20","slug":"suenos","status":"publish","type":"post","link":"http:\/\/marceloscalona.com.ar\/?p=8838","title":{"rendered":"Sue\u00f1os"},"content":{"rendered":"<h1><\/h1>\n<h1><\/h1>\n<h1><\/h1>\n<h1><a href=\"http:\/\/marceloscalona.com.ar\/wp-content\/uploads\/2020\/06\/bandera.jpg\"><img loading=\"lazy\" decoding=\"async\" class=\"alignnone size-medium wp-image-8839\" src=\"http:\/\/marceloscalona.com.ar\/wp-content\/uploads\/2020\/06\/bandera-123x188.jpg\" alt=\"\" width=\"123\" height=\"188\" srcset=\"http:\/\/marceloscalona.com.ar\/wp-content\/uploads\/2020\/06\/bandera-123x188.jpg 123w, http:\/\/marceloscalona.com.ar\/wp-content\/uploads\/2020\/06\/bandera-324x494.jpg 324w, http:\/\/marceloscalona.com.ar\/wp-content\/uploads\/2020\/06\/bandera-394x600.jpg 394w, http:\/\/marceloscalona.com.ar\/wp-content\/uploads\/2020\/06\/bandera.jpg 420w\" sizes=\"auto, (max-width: 123px) 100vw, 123px\" \/><\/a>.<\/h1>\n<h1>Hay noches que sue\u00f1o en colores.<br \/>\nOtras, blanco y negro.<br \/>\nA veces sue\u00f1o en pel\u00edcula<br \/>\na veces, fotos fijas.<br \/>\nA veces hablo<span class=\"text_exposed_show\"><br \/>\no solamente escucho<br \/>\nel paisaje para hablar con los muertos<br \/>\no los enamorados.<br \/>\nCasi todas las noches<br \/>\ntipo cuatro<br \/>\ndespu\u00e9s del REM<br \/>\nhay un intervalo<br \/>\nuna duermevela<br \/>\nque me despierto<br \/>\npero no del todo<br \/>\ny aparece un volatinero<br \/>\nque vende unos caramelos<br \/>\nde mazap\u00e1n, celestes y blancos<br \/>\nigualitos a la bandera<br \/>\npero con el sabor de tu boca.<br \/>\nEs como el aliento del cielo<br \/>\ny me dura toda la vigilia.<br \/>\n.<br \/>\n.<br \/>\nMarce.<br \/>\nLa foto es de Andrea Babsia.<\/span><\/h1>\n","protected":false},"excerpt":{"rendered":"<p>. Hay noches que sue\u00f1o en colores. Otras, blanco y negro. A veces sue\u00f1o en pel\u00edcula a veces, fotos fijas. A veces hablo o solamente [&hellip;]<\/p>\n","protected":false},"author":8,"featured_media":0,"comment_status":"open","ping_status":"open","sticky":false,"template":"","format":"standard","meta":{"footnotes":""},"categories":[3],"tags":[],"class_list":["post-8838","post","type-post","status-publish","format-standard","hentry","category-taller"],"_links":{"self":[{"href":"http:\/\/marceloscalona.com.ar\/index.php?rest_route=\/wp\/v2\/posts\/8838","targetHints":{"allow":["GET"]}}],"collection":[{"href":"http:\/\/marceloscalona.com.ar\/index.php?rest_route=\/wp\/v2\/posts"}],"about":[{"href":"http:\/\/marceloscalona.com.ar\/index.php?rest_route=\/wp\/v2\/types\/post"}],"author":[{"embeddable":true,"href":"http:\/\/marceloscalona.com.ar\/index.php?rest_route=\/wp\/v2\/users\/8"}],"replies":[{"embeddable":true,"href":"http:\/\/marceloscalona.com.ar\/index.php?rest_route=%2Fwp%2Fv2%2Fcomments&post=8838"}],"version-history":[{"count":1,"href":"http:\/\/marceloscalona.com.ar\/index.php?rest_route=\/wp\/v2\/posts\/8838\/revisions"}],"predecessor-version":[{"id":8840,"href":"http:\/\/marceloscalona.com.ar\/index.php?rest_route=\/wp\/v2\/posts\/8838\/revisions\/8840"}],"wp:attachment":[{"href":"http:\/\/marceloscalona.com.ar\/index.php?rest_route=%2Fwp%2Fv2%2Fmedia&parent=8838"}],"wp:term":[{"taxonomy":"category","embeddable":true,"href":"http:\/\/marceloscalona.com.ar\/index.php?rest_route=%2Fwp%2Fv2%2Fcategories&post=8838"},{"taxonomy":"post_tag","embeddable":true,"href":"http:\/\/marceloscalona.com.ar\/index.php?rest_route=%2Fwp%2Fv2%2Ftags&post=8838"}],"curies":[{"name":"wp","href":"https:\/\/api.w.org\/{rel}","templated":true}]}}