{"id":8871,"date":"2020-09-06T18:04:17","date_gmt":"2020-09-06T21:04:17","guid":{"rendered":"http:\/\/marceloscalona.com.ar\/?p=8871"},"modified":"2020-09-06T18:04:17","modified_gmt":"2020-09-06T21:04:17","slug":"ricitos-5","status":"publish","type":"post","link":"http:\/\/marceloscalona.com.ar\/?p=8871","title":{"rendered":"Ricitos -5-"},"content":{"rendered":"<h1><\/h1>\n<h1><\/h1>\n<h1>.<a href=\"http:\/\/marceloscalona.com.ar\/wp-content\/uploads\/2020\/09\/ricitos-5.jpg\"><img loading=\"lazy\" decoding=\"async\" class=\"alignnone size-medium wp-image-8872\" src=\"http:\/\/marceloscalona.com.ar\/wp-content\/uploads\/2020\/09\/ricitos-5-188x125.jpg\" alt=\"\" width=\"188\" height=\"125\" srcset=\"http:\/\/marceloscalona.com.ar\/wp-content\/uploads\/2020\/09\/ricitos-5-188x125.jpg 188w, http:\/\/marceloscalona.com.ar\/wp-content\/uploads\/2020\/09\/ricitos-5-494x328.jpg 494w, http:\/\/marceloscalona.com.ar\/wp-content\/uploads\/2020\/09\/ricitos-5.jpg 626w\" sizes=\"auto, (max-width: 188px) 100vw, 188px\" \/><\/a><\/h1>\n<h1><a class=\"_58cn\" href=\"https:\/\/www.facebook.com\/hashtag\/ricitos?__eep__=6&amp;source=feed_text&amp;epa=HASHTAG\"><span class=\"_5afx\"><span class=\"_58cl _5afz\">#<\/span><span class=\"_58cm\">RICITOS<\/span><\/span><\/a>\u00a0-5-<\/h1>\n<h1>.<br \/>\nHasta en la calle parece oto\u00f1o.<br \/>\nNi la estaci\u00f3n se anima a riesgo.<br \/>\nEl Rius de Alem no avisa nada todav\u00eda.<br \/>\nLos rosales, la granada y el limonero<span class=\"text_exposed_show\"><br \/>\nson m\u00e1s fieles o valientes y florecen.<br \/>\nUna cosa buena es que volvi\u00f3 el silencio<br \/>\nreci\u00e9n escuchaba unos vecinos cantar folclore<br \/>\ny parec\u00eda otra \u00e9poca.<br \/>\nAguzando el o\u00eddo,<br \/>\ndespu\u00e9s de dos meses,<br \/>\nescucho por el fondo de casa<br \/>\n(como si fuera una compa\u00f1\u00eda)<br \/>\nel bisbiseo de\u00a0<a class=\"_58cn\" href=\"https:\/\/www.facebook.com\/hashtag\/ricitos?__eep__=6&amp;source=feed_text&amp;epa=HASHTAG\"><span class=\"_5afx\"><span class=\"_58cl _5afz\">#<\/span><span class=\"_58cm\">Ricitos<\/span><\/span><\/a><br \/>\nque los domingos<br \/>\na esta hora<br \/>\nno quiere hacer la tarea.<br \/>\n.<br \/>\n.<br \/>\n&#8230;&#8230;&#8230;&#8230;&#8230;.Marce.<\/span><\/h1>\n","protected":false},"excerpt":{"rendered":"<p>. #RICITOS\u00a0-5- . Hasta en la calle parece oto\u00f1o. Ni la estaci\u00f3n se anima a riesgo. El Rius de Alem no avisa nada todav\u00eda. Los [&hellip;]<\/p>\n","protected":false},"author":8,"featured_media":0,"comment_status":"open","ping_status":"open","sticky":false,"template":"","format":"standard","meta":{"footnotes":""},"categories":[3],"tags":[],"class_list":["post-8871","post","type-post","status-publish","format-standard","hentry","category-taller"],"_links":{"self":[{"href":"http:\/\/marceloscalona.com.ar\/index.php?rest_route=\/wp\/v2\/posts\/8871","targetHints":{"allow":["GET"]}}],"collection":[{"href":"http:\/\/marceloscalona.com.ar\/index.php?rest_route=\/wp\/v2\/posts"}],"about":[{"href":"http:\/\/marceloscalona.com.ar\/index.php?rest_route=\/wp\/v2\/types\/post"}],"author":[{"embeddable":true,"href":"http:\/\/marceloscalona.com.ar\/index.php?rest_route=\/wp\/v2\/users\/8"}],"replies":[{"embeddable":true,"href":"http:\/\/marceloscalona.com.ar\/index.php?rest_route=%2Fwp%2Fv2%2Fcomments&post=8871"}],"version-history":[{"count":1,"href":"http:\/\/marceloscalona.com.ar\/index.php?rest_route=\/wp\/v2\/posts\/8871\/revisions"}],"predecessor-version":[{"id":8873,"href":"http:\/\/marceloscalona.com.ar\/index.php?rest_route=\/wp\/v2\/posts\/8871\/revisions\/8873"}],"wp:attachment":[{"href":"http:\/\/marceloscalona.com.ar\/index.php?rest_route=%2Fwp%2Fv2%2Fmedia&parent=8871"}],"wp:term":[{"taxonomy":"category","embeddable":true,"href":"http:\/\/marceloscalona.com.ar\/index.php?rest_route=%2Fwp%2Fv2%2Fcategories&post=8871"},{"taxonomy":"post_tag","embeddable":true,"href":"http:\/\/marceloscalona.com.ar\/index.php?rest_route=%2Fwp%2Fv2%2Ftags&post=8871"}],"curies":[{"name":"wp","href":"https:\/\/api.w.org\/{rel}","templated":true}]}}