{"id":8881,"date":"2020-09-19T12:36:18","date_gmt":"2020-09-19T15:36:18","guid":{"rendered":"http:\/\/marceloscalona.com.ar\/?p=8881"},"modified":"2020-09-19T12:36:18","modified_gmt":"2020-09-19T15:36:18","slug":"la-foto-la-epifania","status":"publish","type":"post","link":"http:\/\/marceloscalona.com.ar\/?p=8881","title":{"rendered":"La foto &#8211; la epifan\u00eda"},"content":{"rendered":"<h1>.<a href=\"http:\/\/marceloscalona.com.ar\/wp-content\/uploads\/2020\/09\/El-hotel-blanco-y-negro.jpg\"><img loading=\"lazy\" decoding=\"async\" class=\"alignnone size-medium wp-image-8882\" src=\"http:\/\/marceloscalona.com.ar\/wp-content\/uploads\/2020\/09\/El-hotel-blanco-y-negro-188x106.jpg\" alt=\"\" width=\"188\" height=\"106\" srcset=\"http:\/\/marceloscalona.com.ar\/wp-content\/uploads\/2020\/09\/El-hotel-blanco-y-negro-188x106.jpg 188w, http:\/\/marceloscalona.com.ar\/wp-content\/uploads\/2020\/09\/El-hotel-blanco-y-negro-494x278.jpg 494w, http:\/\/marceloscalona.com.ar\/wp-content\/uploads\/2020\/09\/El-hotel-blanco-y-negro.jpg 720w\" sizes=\"auto, (max-width: 188px) 100vw, 188px\" \/><\/a><\/h1>\n<h1>Hab\u00eda llegado a las dos terceras partes de la novela y no sab\u00eda exactamente c\u00f3mo iba a ser el desenlace, ni siquiera un buen t\u00edtulo que justificara tanta peripecia o 700 p\u00e1ginas. Un 18 de septiembre de 2016 encontr\u00e9 este hotel (MI SUE\u00d1O) en un pueblo entrerriano (Lucas Gonz\u00e1lez), y llegu\u00e9 hasta donde hab\u00eda vivido Jos\u00e9 Hern\u00e1ndez (un intertexto hasta all\u00ed), en esa zona, eso me trajo el recuerdo de mis dos sue\u00f1os con Per\u00f3n en el cine Am\u00e9rica, mi viejo, el cartero de Pichincha, y<span class=\"text_exposed_show\">\u00a0los hoteles del correo en las sierras, y Per\u00f3n pidi\u00e9ndome (en los sue\u00f1os), hacer los hoteles obreros en las islas frente a Rosario. Y en el medio de todo, el recuerdo de Burt Lancaster y el film \u00abEl \u00faltimo tren\u00bb, ambos, \u00eddolos de pap\u00e1 y del viejo. Y Lopez Rega cada vez m\u00e1s molesto en la escena secreta (el sue\u00f1o) en la sala de proyecci\u00f3n del cine.<br \/>\nAh\u00ed se hizo el punto de giro, y siempre ayudado por la realidad nacional tan inspiradora, me fui al final casi al galope. Pero debo reconocer que esa imagen fue una epifan\u00eda. Hoy hace 4 a\u00f1os.<br \/>\n(18 septiembre 2016).<\/span><\/h1>\n","protected":false},"excerpt":{"rendered":"<p>. Hab\u00eda llegado a las dos terceras partes de la novela y no sab\u00eda exactamente c\u00f3mo iba a ser el desenlace, ni siquiera un buen [&hellip;]<\/p>\n","protected":false},"author":8,"featured_media":0,"comment_status":"open","ping_status":"open","sticky":false,"template":"","format":"standard","meta":{"footnotes":""},"categories":[3],"tags":[],"class_list":["post-8881","post","type-post","status-publish","format-standard","hentry","category-taller"],"_links":{"self":[{"href":"http:\/\/marceloscalona.com.ar\/index.php?rest_route=\/wp\/v2\/posts\/8881","targetHints":{"allow":["GET"]}}],"collection":[{"href":"http:\/\/marceloscalona.com.ar\/index.php?rest_route=\/wp\/v2\/posts"}],"about":[{"href":"http:\/\/marceloscalona.com.ar\/index.php?rest_route=\/wp\/v2\/types\/post"}],"author":[{"embeddable":true,"href":"http:\/\/marceloscalona.com.ar\/index.php?rest_route=\/wp\/v2\/users\/8"}],"replies":[{"embeddable":true,"href":"http:\/\/marceloscalona.com.ar\/index.php?rest_route=%2Fwp%2Fv2%2Fcomments&post=8881"}],"version-history":[{"count":1,"href":"http:\/\/marceloscalona.com.ar\/index.php?rest_route=\/wp\/v2\/posts\/8881\/revisions"}],"predecessor-version":[{"id":8883,"href":"http:\/\/marceloscalona.com.ar\/index.php?rest_route=\/wp\/v2\/posts\/8881\/revisions\/8883"}],"wp:attachment":[{"href":"http:\/\/marceloscalona.com.ar\/index.php?rest_route=%2Fwp%2Fv2%2Fmedia&parent=8881"}],"wp:term":[{"taxonomy":"category","embeddable":true,"href":"http:\/\/marceloscalona.com.ar\/index.php?rest_route=%2Fwp%2Fv2%2Fcategories&post=8881"},{"taxonomy":"post_tag","embeddable":true,"href":"http:\/\/marceloscalona.com.ar\/index.php?rest_route=%2Fwp%2Fv2%2Ftags&post=8881"}],"curies":[{"name":"wp","href":"https:\/\/api.w.org\/{rel}","templated":true}]}}