{"id":8895,"date":"2020-10-15T17:01:57","date_gmt":"2020-10-15T20:01:57","guid":{"rendered":"http:\/\/marceloscalona.com.ar\/?p=8895"},"modified":"2020-10-15T17:01:57","modified_gmt":"2020-10-15T20:01:57","slug":"el-reves-en-noviembre","status":"publish","type":"post","link":"http:\/\/marceloscalona.com.ar\/?p=8895","title":{"rendered":"El Reves en Noviembre"},"content":{"rendered":"<h1>EL REV\u00c9S, mi tercer libro de poemas, lo presentamos el pr\u00f3ximo lunes 16 de noviembre a las 19 hs en el Steaming de librer\u00eda HOMO SAPIENS, con la inmejorable compa\u00f1\u00eda de ALFREDO GRIECO y BAVIO. Pronto mandaremos flyer. Marce.<\/h1>\n<p>&nbsp;<\/p>\n<p><a href=\"http:\/\/marceloscalona.com.ar\/wp-content\/uploads\/2020\/10\/120133237_2734863146788153_7460392033391654510_n.png\"><img loading=\"lazy\" decoding=\"async\" class=\"alignnone size-medium wp-image-8896\" src=\"http:\/\/marceloscalona.com.ar\/wp-content\/uploads\/2020\/10\/120133237_2734863146788153_7460392033391654510_n-188x111.png\" alt=\"\" width=\"188\" height=\"111\" srcset=\"http:\/\/marceloscalona.com.ar\/wp-content\/uploads\/2020\/10\/120133237_2734863146788153_7460392033391654510_n-188x111.png 188w, http:\/\/marceloscalona.com.ar\/wp-content\/uploads\/2020\/10\/120133237_2734863146788153_7460392033391654510_n-768x452.png 768w, http:\/\/marceloscalona.com.ar\/wp-content\/uploads\/2020\/10\/120133237_2734863146788153_7460392033391654510_n-494x291.png 494w, http:\/\/marceloscalona.com.ar\/wp-content\/uploads\/2020\/10\/120133237_2734863146788153_7460392033391654510_n-800x471.png 800w\" sizes=\"auto, (max-width: 188px) 100vw, 188px\" \/><\/a><\/p>\n","protected":false},"excerpt":{"rendered":"<p>EL REV\u00c9S, mi tercer libro de poemas, lo presentamos el pr\u00f3ximo lunes 16 de noviembre a las 19 hs en el Steaming de librer\u00eda HOMO [&hellip;]<\/p>\n","protected":false},"author":8,"featured_media":0,"comment_status":"open","ping_status":"open","sticky":false,"template":"","format":"standard","meta":{"footnotes":""},"categories":[3],"tags":[],"class_list":["post-8895","post","type-post","status-publish","format-standard","hentry","category-taller"],"_links":{"self":[{"href":"http:\/\/marceloscalona.com.ar\/index.php?rest_route=\/wp\/v2\/posts\/8895","targetHints":{"allow":["GET"]}}],"collection":[{"href":"http:\/\/marceloscalona.com.ar\/index.php?rest_route=\/wp\/v2\/posts"}],"about":[{"href":"http:\/\/marceloscalona.com.ar\/index.php?rest_route=\/wp\/v2\/types\/post"}],"author":[{"embeddable":true,"href":"http:\/\/marceloscalona.com.ar\/index.php?rest_route=\/wp\/v2\/users\/8"}],"replies":[{"embeddable":true,"href":"http:\/\/marceloscalona.com.ar\/index.php?rest_route=%2Fwp%2Fv2%2Fcomments&post=8895"}],"version-history":[{"count":1,"href":"http:\/\/marceloscalona.com.ar\/index.php?rest_route=\/wp\/v2\/posts\/8895\/revisions"}],"predecessor-version":[{"id":8897,"href":"http:\/\/marceloscalona.com.ar\/index.php?rest_route=\/wp\/v2\/posts\/8895\/revisions\/8897"}],"wp:attachment":[{"href":"http:\/\/marceloscalona.com.ar\/index.php?rest_route=%2Fwp%2Fv2%2Fmedia&parent=8895"}],"wp:term":[{"taxonomy":"category","embeddable":true,"href":"http:\/\/marceloscalona.com.ar\/index.php?rest_route=%2Fwp%2Fv2%2Fcategories&post=8895"},{"taxonomy":"post_tag","embeddable":true,"href":"http:\/\/marceloscalona.com.ar\/index.php?rest_route=%2Fwp%2Fv2%2Ftags&post=8895"}],"curies":[{"name":"wp","href":"https:\/\/api.w.org\/{rel}","templated":true}]}}