{"id":8902,"date":"2020-11-15T08:57:04","date_gmt":"2020-11-15T11:57:04","guid":{"rendered":"http:\/\/marceloscalona.com.ar\/?p=8902"},"modified":"2020-11-15T08:57:04","modified_gmt":"2020-11-15T11:57:04","slug":"el-reves-por-rafael-ielpi-pagina-12","status":"publish","type":"post","link":"http:\/\/marceloscalona.com.ar\/?p=8902","title":{"rendered":"El Rev\u00e9s por RAFAEL IELPI-P\u00e1gina\/12"},"content":{"rendered":"<h1>.<a href=\"http:\/\/marceloscalona.com.ar\/wp-content\/uploads\/2020\/11\/El-Rev\u00e9s-tapa-alta-1-.png\"><img loading=\"lazy\" decoding=\"async\" class=\"alignnone size-medium wp-image-8903\" src=\"http:\/\/marceloscalona.com.ar\/wp-content\/uploads\/2020\/11\/El-Rev\u00e9s-tapa-alta-1--159x188.png\" alt=\"\" width=\"159\" height=\"188\" srcset=\"http:\/\/marceloscalona.com.ar\/wp-content\/uploads\/2020\/11\/El-Rev\u00e9s-tapa-alta-1--159x188.png 159w, http:\/\/marceloscalona.com.ar\/wp-content\/uploads\/2020\/11\/El-Rev\u00e9s-tapa-alta-1--768x906.png 768w, http:\/\/marceloscalona.com.ar\/wp-content\/uploads\/2020\/11\/El-Rev\u00e9s-tapa-alta-1--419x494.png 419w, http:\/\/marceloscalona.com.ar\/wp-content\/uploads\/2020\/11\/El-Rev\u00e9s-tapa-alta-1--508x600.png 508w, http:\/\/marceloscalona.com.ar\/wp-content\/uploads\/2020\/11\/El-Rev\u00e9s-tapa-alta-1-.png 1200w\" sizes=\"auto, (max-width: 159px) 100vw, 159px\" \/><\/a><\/h1>\n<h1>Rese\u00f1a Cr\u00edtica de El Rev\u00e9s, de Marcelo Scalona, por RAFAEL IELPI. (diario P\u00c1GINA\/12)<\/h1>\n<h1><a href=\"https:\/\/www.pagina12.com.ar\/305720-cuaderno-del-vaciadero-de-la-memoria\">https:\/\/www.pagina12.com.ar\/305720-cuaderno-del-vaciadero-de-la-memoria<\/a><\/h1>\n","protected":false},"excerpt":{"rendered":"<p>. Rese\u00f1a Cr\u00edtica de El Rev\u00e9s, de Marcelo Scalona, por RAFAEL IELPI. (diario P\u00c1GINA\/12) https:\/\/www.pagina12.com.ar\/305720-cuaderno-del-vaciadero-de-la-memoria<\/p>\n","protected":false},"author":8,"featured_media":0,"comment_status":"open","ping_status":"open","sticky":false,"template":"","format":"standard","meta":{"footnotes":""},"categories":[3],"tags":[],"class_list":["post-8902","post","type-post","status-publish","format-standard","hentry","category-taller"],"_links":{"self":[{"href":"http:\/\/marceloscalona.com.ar\/index.php?rest_route=\/wp\/v2\/posts\/8902","targetHints":{"allow":["GET"]}}],"collection":[{"href":"http:\/\/marceloscalona.com.ar\/index.php?rest_route=\/wp\/v2\/posts"}],"about":[{"href":"http:\/\/marceloscalona.com.ar\/index.php?rest_route=\/wp\/v2\/types\/post"}],"author":[{"embeddable":true,"href":"http:\/\/marceloscalona.com.ar\/index.php?rest_route=\/wp\/v2\/users\/8"}],"replies":[{"embeddable":true,"href":"http:\/\/marceloscalona.com.ar\/index.php?rest_route=%2Fwp%2Fv2%2Fcomments&post=8902"}],"version-history":[{"count":1,"href":"http:\/\/marceloscalona.com.ar\/index.php?rest_route=\/wp\/v2\/posts\/8902\/revisions"}],"predecessor-version":[{"id":8904,"href":"http:\/\/marceloscalona.com.ar\/index.php?rest_route=\/wp\/v2\/posts\/8902\/revisions\/8904"}],"wp:attachment":[{"href":"http:\/\/marceloscalona.com.ar\/index.php?rest_route=%2Fwp%2Fv2%2Fmedia&parent=8902"}],"wp:term":[{"taxonomy":"category","embeddable":true,"href":"http:\/\/marceloscalona.com.ar\/index.php?rest_route=%2Fwp%2Fv2%2Fcategories&post=8902"},{"taxonomy":"post_tag","embeddable":true,"href":"http:\/\/marceloscalona.com.ar\/index.php?rest_route=%2Fwp%2Fv2%2Ftags&post=8902"}],"curies":[{"name":"wp","href":"https:\/\/api.w.org\/{rel}","templated":true}]}}