{"id":8905,"date":"2020-11-21T08:46:39","date_gmt":"2020-11-21T11:46:39","guid":{"rendered":"http:\/\/marceloscalona.com.ar\/?p=8905"},"modified":"2020-11-21T08:46:39","modified_gmt":"2020-11-21T11:46:39","slug":"el-escritor-palido-2","status":"publish","type":"post","link":"http:\/\/marceloscalona.com.ar\/?p=8905","title":{"rendered":"El escritor p\u00e1lido"},"content":{"rendered":"<h1>.<a href=\"http:\/\/marceloscalona.com.ar\/wp-content\/uploads\/2020\/11\/PALIDO-FUEGO.jpg\"><img loading=\"lazy\" decoding=\"async\" class=\"alignnone size-medium wp-image-8906\" src=\"http:\/\/marceloscalona.com.ar\/wp-content\/uploads\/2020\/11\/PALIDO-FUEGO-188x148.jpg\" alt=\"\" width=\"188\" height=\"148\" srcset=\"http:\/\/marceloscalona.com.ar\/wp-content\/uploads\/2020\/11\/PALIDO-FUEGO-188x148.jpg 188w, http:\/\/marceloscalona.com.ar\/wp-content\/uploads\/2020\/11\/PALIDO-FUEGO-768x604.jpg 768w, http:\/\/marceloscalona.com.ar\/wp-content\/uploads\/2020\/11\/PALIDO-FUEGO-494x389.jpg 494w, http:\/\/marceloscalona.com.ar\/wp-content\/uploads\/2020\/11\/PALIDO-FUEGO-763x600.jpg 763w, http:\/\/marceloscalona.com.ar\/wp-content\/uploads\/2020\/11\/PALIDO-FUEGO.jpg 960w\" sizes=\"auto, (max-width: 188px) 100vw, 188px\" \/><\/a><\/h1>\n<h1>EL ESCRITOR P\u00c1LIDO<br \/>\n.<br \/>\nEst\u00e1 la novela \u00abP\u00e1lido fuego\u00bb de Nabokov y \u00abEl Jinete P\u00e1lido\u00bb de Laura Spinney sobre la pandemia de gripe espa\u00f1ola en 1918, y luego est\u00e1 la novela p\u00f3stuma de Foster Wallace: \u201cEl Rey P\u00e1lido\u201d y por fin la peli de Clint Eastwood: \u201cEl Jinete P\u00e1lido\u201d, y a las 3 AM, un mi\u00e9rcoles de Covid, en primavera, tenemos un escritor p\u00e1lido en la guardia del Sanatorio Americano.<br \/>\nUn dolor difus<span class=\"text_exposed_show\">o en el hipocondrio de la pandemia, alteraciones del pulso, transpiraci\u00f3n abundante y HTA 10\/14, \u00bfpara d\u00f3nde es la habitaci\u00f3n 109?, esa pregunta podr\u00eda indicar confusi\u00f3n mental: no tiene a nadie internado en el sitio.<br \/>\nAn\u00e1lisis de rutina. La guardia.\u00bfTos refleja, un calambre en la zona izquierda (la Izquierda argentina), ataque de p\u00e1nico a Zoom, exceso de Pizarnik? Debi\u00f3 hacerle caso al poeta Claudio Bertoni y no volver a googlear s\u00edntomas.<br \/>\nLa m\u00e9dica se llama Mariana. No es aquella starlet rubia que lo atendi\u00f3 50 veces en la habitaci\u00f3n 109, en 2012, cuando su padre. \u00c9sta parece una chica grave y a \u00e9l le cae bien la gente dram\u00e1tica, con una sombra o una nube, personas que no tendr\u00edan remilgos en comenzar con la morfina antes del alba.<br \/>\n.<br \/>\nLa doctora insiste con la palidez: una palescencia as\u00ed hay que investigar, dice. An\u00e1lisis de rutina, se quedar\u00e1 hasta la ma\u00f1ana. \u00bfA qui\u00e9n llaman? A nadie.\u00bfCon qui\u00e9n vive? Solo. \u00bfPor qu\u00e9 quiere saber con qui\u00e9n vivo\u2026? \u00bfTiene que ver eso con la palescencia?<br \/>\nLe dan de tomar un sedante. A la hora ya est\u00e1 9 y 13, le sacan sangre y al final se hacen las cinco, empieza \u00abMad about you\u00bb en TCM. A dormirse.<br \/>\nCuando est\u00e1 por llegar al REM, Mariana entra a la pieza atropellando, es la parte de los m\u00e9dicos de guardia que los asimila a los bomberos. Baten la puerta, encienden la luz blanca de 100 watts y saludan como si estuvieran en el campo. Es un acting. Lo deben hacer para darse coraje. Recuerda a Unamuno: los m\u00e9dicos tienen dos temores: matarnos, para que no nos muramos solos, o dejarnos morir para no matarnos.<br \/>\n.<br \/>\nJam\u00e1s tengo esta palidez, dice \u00e9l, como si lo hubieran sorprendido con el pene en la mano. Parec\u00edas un espectro, dice la chica -\u00bflo tutea?- y empieza a explicar la cosa m\u00e1s incre\u00edble que pod\u00eda escuchar un escritor p\u00e1lido.<br \/>\n\u201cHay una enfermedad muy rara -dice ella, por primera vez con la nube buena del aire doctoral-, que causa ese tipo de palidez, se llama \u201cla enfermedad de Fabry\u201d. \u00c9l larga a re\u00edrse, pero convulso, un ataque. Ella queda confundida (no sabe que Fabri fue uno de sus mejores amigos), explicando el origen difuso de una enfermedad entre gen\u00e9tica y neurol\u00f3gica, de etiolog\u00eda extra\u00f1a (como la de Fabri), pero que causa esa palescencia progresiva, que afecta coraz\u00f3n y ri\u00f1ones y\u2026 bla bla bla.<br \/>\n.<br \/>\nPalidez que \u00e9l ya no tiene, porque hace cinco minutos que la risa le ha llevado toda la sangre a la cara. Mariana tambi\u00e9n empieza a disfrutarlo, aunque con ciertas prevenciones, primero es un moh\u00edn de risa, una comisura, rabillo, despu\u00e9s una sonrisa franca. Y antes de que la chica diga otra cosa o pregunte, \u00e9l le gana de mano y dice \u00bfconoc\u00e9s esta serie? Ella la confunde con \u00abFriends\u00bb. Casi la misma generaci\u00f3n, piensa \u00e9l. Le explica la trama, los personajes y reci\u00e9n ah\u00ed le dice que \u00e9l es escritor y ella dice, sin querer, el t\u00edtulo del relato: el escritor p\u00e1lido.<br \/>\n.<br \/>\nEse sintagma s\u00f3lo puede saberlo una m\u00e9dica con sombra. Despu\u00e9s que ella se va, \u00e9l apaga la luz, pone el timer a las siete y se da vuelta, a oscuras, trata de orientarse hacia d\u00f3nde estar\u00e1 la habitaci\u00f3n 109 y musita una oraci\u00f3n laica: un escritor p\u00e1lido vive solo.<br \/>\n.<br \/>\n.<br \/>\n&#8230;&#8230;&#8230;&#8230;&#8230;.<a class=\"_58cn\" href=\"https:\/\/www.facebook.com\/hashtag\/marce?__eep__=6&amp;epa=HASHTAG\">#Marce<\/a><br \/>\n.<br \/>\n.<\/span><\/h1>\n","protected":false},"excerpt":{"rendered":"<p>. EL ESCRITOR P\u00c1LIDO . Est\u00e1 la novela \u00abP\u00e1lido fuego\u00bb de Nabokov y \u00abEl Jinete P\u00e1lido\u00bb de Laura Spinney sobre la pandemia de gripe espa\u00f1ola [&hellip;]<\/p>\n","protected":false},"author":8,"featured_media":0,"comment_status":"open","ping_status":"open","sticky":false,"template":"","format":"standard","meta":{"footnotes":""},"categories":[3],"tags":[],"class_list":["post-8905","post","type-post","status-publish","format-standard","hentry","category-taller"],"_links":{"self":[{"href":"http:\/\/marceloscalona.com.ar\/index.php?rest_route=\/wp\/v2\/posts\/8905","targetHints":{"allow":["GET"]}}],"collection":[{"href":"http:\/\/marceloscalona.com.ar\/index.php?rest_route=\/wp\/v2\/posts"}],"about":[{"href":"http:\/\/marceloscalona.com.ar\/index.php?rest_route=\/wp\/v2\/types\/post"}],"author":[{"embeddable":true,"href":"http:\/\/marceloscalona.com.ar\/index.php?rest_route=\/wp\/v2\/users\/8"}],"replies":[{"embeddable":true,"href":"http:\/\/marceloscalona.com.ar\/index.php?rest_route=%2Fwp%2Fv2%2Fcomments&post=8905"}],"version-history":[{"count":1,"href":"http:\/\/marceloscalona.com.ar\/index.php?rest_route=\/wp\/v2\/posts\/8905\/revisions"}],"predecessor-version":[{"id":8907,"href":"http:\/\/marceloscalona.com.ar\/index.php?rest_route=\/wp\/v2\/posts\/8905\/revisions\/8907"}],"wp:attachment":[{"href":"http:\/\/marceloscalona.com.ar\/index.php?rest_route=%2Fwp%2Fv2%2Fmedia&parent=8905"}],"wp:term":[{"taxonomy":"category","embeddable":true,"href":"http:\/\/marceloscalona.com.ar\/index.php?rest_route=%2Fwp%2Fv2%2Fcategories&post=8905"},{"taxonomy":"post_tag","embeddable":true,"href":"http:\/\/marceloscalona.com.ar\/index.php?rest_route=%2Fwp%2Fv2%2Ftags&post=8905"}],"curies":[{"name":"wp","href":"https:\/\/api.w.org\/{rel}","templated":true}]}}