{"id":9722,"date":"2024-05-27T13:21:46","date_gmt":"2024-05-27T16:21:46","guid":{"rendered":"http:\/\/marceloscalona.com.ar\/?p=9722"},"modified":"2024-05-27T13:21:46","modified_gmt":"2024-05-27T16:21:46","slug":"mayo-3","status":"publish","type":"post","link":"http:\/\/marceloscalona.com.ar\/?p=9722","title":{"rendered":"Mayo"},"content":{"rendered":"<h1>.<a href=\"http:\/\/marceloscalona.com.ar\/wp-content\/uploads\/2024\/05\/445364700_10232892141822355_5824876334926737882_n.jpg\"><img loading=\"lazy\" decoding=\"async\" class=\"alignnone size-medium wp-image-9723\" src=\"http:\/\/marceloscalona.com.ar\/wp-content\/uploads\/2024\/05\/445364700_10232892141822355_5824876334926737882_n-188x141.jpg\" alt=\"\" width=\"188\" height=\"141\" srcset=\"http:\/\/marceloscalona.com.ar\/wp-content\/uploads\/2024\/05\/445364700_10232892141822355_5824876334926737882_n-188x141.jpg 188w, http:\/\/marceloscalona.com.ar\/wp-content\/uploads\/2024\/05\/445364700_10232892141822355_5824876334926737882_n-768x576.jpg 768w, http:\/\/marceloscalona.com.ar\/wp-content\/uploads\/2024\/05\/445364700_10232892141822355_5824876334926737882_n-494x371.jpg 494w, http:\/\/marceloscalona.com.ar\/wp-content\/uploads\/2024\/05\/445364700_10232892141822355_5824876334926737882_n-800x600.jpg 800w, http:\/\/marceloscalona.com.ar\/wp-content\/uploads\/2024\/05\/445364700_10232892141822355_5824876334926737882_n.jpg 960w\" sizes=\"auto, (max-width: 188px) 100vw, 188px\" \/><\/a><\/h1>\n<h1>MAYO<br class=\"html-br\" \/><br class=\"html-br\" \/>La patria tiene infancia<br class=\"html-br\" \/>son los d\u00edas de mayo<br class=\"html-br\" \/>y sus ni\u00f1os de plata:<br class=\"html-br\" \/>Paso el escribidor<br class=\"html-br\" \/>Moreno mental<br class=\"html-br\" \/>Belgrano el poeta<br class=\"html-br\" \/>y Castelli, el orador<br class=\"html-br\" \/>que perdi\u00f3 la lengua.<br class=\"html-br\" \/>.<br class=\"html-br\" \/>Mayo<br class=\"html-br\" \/>naci\u00f3 mi padre y mi hijo.<br class=\"html-br\" \/>Y mi madre<br class=\"html-br\" \/>naci\u00f3 en febrero<br class=\"html-br\" \/>concebida el 25 de mayo<br class=\"html-br\" \/>la noche que la abuela<br class=\"html-br\" \/>y el abuelo<br class=\"html-br\" \/>volvieron de la plaza.<br class=\"html-br\" \/>.<br class=\"html-br\" \/>Mi abuela Mar\u00eda lo contaba<br class=\"html-br\" \/>como un sue\u00f1o,<br class=\"html-br\" \/>como una ficci\u00f3n de Foucault<br class=\"html-br\" \/>como una novela,<br class=\"html-br\" \/>un deseo<br class=\"html-br\" \/>esa mujer<br class=\"html-br\" \/>la luz argentina<br class=\"html-br\" \/>y los d\u00edas de mayo.<br class=\"html-br\" \/>.<br class=\"html-br\" \/>.<br class=\"html-br\" \/><span class=\"html-span xdj266r x11i5rnm xat24cr x1mh8g0r xexx8yu x4uap5 x18d9i69 xkhd6sd x1hl2dhg x16tdsg8 x1vvkbs\"><a class=\"x1i10hfl xjbqb8w x1ejq31n xd10rxx x1sy0etr x17r0tee x972fbf xcfux6l x1qhh985 xm0m39n x9f619 x1ypdohk xt0psk2 xe8uvvx xdj266r x11i5rnm xat24cr x1mh8g0r xexx8yu x4uap5 x18d9i69 xkhd6sd x16tdsg8 x1hl2dhg xggy1nq x1a2a7pz x1sur9pj xkrqix3 xzsf02u x1s688f\" role=\"link\" href=\"https:\/\/www.facebook.com\/marce.nomalumbre?__cft__[0]=AZVmXBWD4IV25x5xrdj37qF68YSGz1Xe-pPxcY9-O7ThE1FeQw4zTc4RWS6mBQ_zsKIOyzA8icuaOdeSA9FzMoHIlZN3Bq4ESAwe30HteX30KjZa7xAnJ7g018WihZpwTMDwaaGrrpQgNnLi_-3mivE7YolLUdv-Bd0hugZSyXrgGp0bHOfsT7mRshOR9hv7Iq9l2iG0iAqVnaDyRQ0tBRSB&amp;__tn__=-]K*F\"><span class=\"xt0psk2\">Marce<\/span><\/a><\/span><\/h1>\n","protected":false},"excerpt":{"rendered":"<p>. MAYOLa patria tiene infanciason los d\u00edas de mayoy sus ni\u00f1os de plata:Paso el escribidorMoreno mentalBelgrano el poetay Castelli, el oradorque perdi\u00f3 la lengua..Mayonaci\u00f3 mi [&hellip;]<\/p>\n","protected":false},"author":8,"featured_media":0,"comment_status":"open","ping_status":"open","sticky":false,"template":"","format":"standard","meta":{"footnotes":""},"categories":[3],"tags":[],"class_list":["post-9722","post","type-post","status-publish","format-standard","hentry","category-taller"],"_links":{"self":[{"href":"http:\/\/marceloscalona.com.ar\/index.php?rest_route=\/wp\/v2\/posts\/9722","targetHints":{"allow":["GET"]}}],"collection":[{"href":"http:\/\/marceloscalona.com.ar\/index.php?rest_route=\/wp\/v2\/posts"}],"about":[{"href":"http:\/\/marceloscalona.com.ar\/index.php?rest_route=\/wp\/v2\/types\/post"}],"author":[{"embeddable":true,"href":"http:\/\/marceloscalona.com.ar\/index.php?rest_route=\/wp\/v2\/users\/8"}],"replies":[{"embeddable":true,"href":"http:\/\/marceloscalona.com.ar\/index.php?rest_route=%2Fwp%2Fv2%2Fcomments&post=9722"}],"version-history":[{"count":1,"href":"http:\/\/marceloscalona.com.ar\/index.php?rest_route=\/wp\/v2\/posts\/9722\/revisions"}],"predecessor-version":[{"id":9724,"href":"http:\/\/marceloscalona.com.ar\/index.php?rest_route=\/wp\/v2\/posts\/9722\/revisions\/9724"}],"wp:attachment":[{"href":"http:\/\/marceloscalona.com.ar\/index.php?rest_route=%2Fwp%2Fv2%2Fmedia&parent=9722"}],"wp:term":[{"taxonomy":"category","embeddable":true,"href":"http:\/\/marceloscalona.com.ar\/index.php?rest_route=%2Fwp%2Fv2%2Fcategories&post=9722"},{"taxonomy":"post_tag","embeddable":true,"href":"http:\/\/marceloscalona.com.ar\/index.php?rest_route=%2Fwp%2Fv2%2Ftags&post=9722"}],"curies":[{"name":"wp","href":"https:\/\/api.w.org\/{rel}","templated":true}]}}