{"id":9806,"date":"2024-07-21T22:35:09","date_gmt":"2024-07-22T01:35:09","guid":{"rendered":"http:\/\/marceloscalona.com.ar\/?p=9806"},"modified":"2024-07-21T22:35:09","modified_gmt":"2024-07-22T01:35:09","slug":"dia-del-amigo-hugo-mujica","status":"publish","type":"post","link":"http:\/\/marceloscalona.com.ar\/?p=9806","title":{"rendered":"D\u00eda del Amigo (Hugo Mujica)"},"content":{"rendered":"<div class=\"html-div xe8uvvx xdj266r x11i5rnm xat24cr x1mh8g0r xexx8yu x4uap5 x18d9i69 xkhd6sd\">\n<div class=\"html-div xe8uvvx xdj266r x11i5rnm xat24cr x1mh8g0r xexx8yu x4uap5 x18d9i69 xkhd6sd\" dir=\"auto\">\n<div id=\":rlr:\" class=\"x1iorvi4 x1pi30zi x1l90r2v x1swvt13\">\n<div class=\"x78zum5 xdt5ytf xz62fqu x16ldp7u\">\n<div class=\"xu06os2 x1ok221b\">\n<div class=\"xdj266r x11i5rnm xat24cr x1mh8g0r x1vvkbs x126k92a\">\n<h1>.<a href=\"http:\/\/marceloscalona.com.ar\/wp-content\/uploads\/2024\/07\/451787439_10233267003273657_4376544002655705041_n.jpg\"><img loading=\"lazy\" decoding=\"async\" class=\"alignnone size-medium wp-image-9807\" src=\"http:\/\/marceloscalona.com.ar\/wp-content\/uploads\/2024\/07\/451787439_10233267003273657_4376544002655705041_n-178x188.jpg\" alt=\"\" width=\"178\" height=\"188\" srcset=\"http:\/\/marceloscalona.com.ar\/wp-content\/uploads\/2024\/07\/451787439_10233267003273657_4376544002655705041_n-178x188.jpg 178w, http:\/\/marceloscalona.com.ar\/wp-content\/uploads\/2024\/07\/451787439_10233267003273657_4376544002655705041_n-768x809.jpg 768w, http:\/\/marceloscalona.com.ar\/wp-content\/uploads\/2024\/07\/451787439_10233267003273657_4376544002655705041_n-469x494.jpg 469w, http:\/\/marceloscalona.com.ar\/wp-content\/uploads\/2024\/07\/451787439_10233267003273657_4376544002655705041_n-569x600.jpg 569w, http:\/\/marceloscalona.com.ar\/wp-content\/uploads\/2024\/07\/451787439_10233267003273657_4376544002655705041_n.jpg 1080w\" sizes=\"auto, (max-width: 178px) 100vw, 178px\" \/><\/a><\/h1>\n<h1>HUGO MUJICA<\/h1>\n<h1>&#8216;LA AMISTAD&#8217;<\/h1>\n<\/div>\n<div dir=\"auto\">\u00abComo todo lo que hace a la esencia de la vida, a su desnudez, la amistad pertenece a la l\u00f3gica del don. Y, tambi\u00e9n, como todo lo esencial pertenece al acontecimiento de la singularidad. Al orden de lo que no se suma, el orden de lo \u00fanico, cada uno y cada vez.<\/div>\n<div dir=\"auto\">La palabra amigo, nace de una ra\u00edz griega de las que derivan tambi\u00e9n amor y amable. No sorprende: la amistad, lo sentimos, es una de las formas del amor, la forma que toma cuando la intimidad incluye la distancia. De esa misma ra\u00edz tambi\u00e9n sale ama, en el sentido de madre, de mam\u00e1. Tampoco esto debiera sorprender si pensamos que la amistad, como todo amor, tiene la capacidad de fecundar: engendra singularidad.<\/div>\n<div dir=\"auto\">Es m\u00e1s, podr\u00edamos decir que la amistad es precisamente el don de la singularidad: alguien me elige, me sustrae del tumulto de otras relaciones humanas, me hace \u00fanico, sin hacerme \u00absuyo\u00bb. En este sentido, la amistad es como un nudo desatado, un pacto de gratuidad , es un acontecimiento no s\u00f3lo del amor sino tambi\u00e9n de la libertad, pero la libertad comprometida en la historia del otro, del otro amigo: del singular.<\/div>\n<div dir=\"auto\">Este \u00absin hacerme suyo\u00bb diferencia la amistad del amor de pareja, incluye a los otros pero sin fusi\u00f3n ni f\u00edsica ni espacial. Los antiguos consideraban la amistad por encima de la vida familiar, ya que esta ten\u00eda como fin la consolidaci\u00f3n del tener -econ\u00f3mico y material- como la de procreaci\u00f3n -proyecci\u00f3n y perduraci\u00f3n-. La amistad, en cambio, es, constitutivamente, desinter\u00e9s: no saca ni guarda nada de esa relaci\u00f3n, salvo, claro, la gratificaci\u00f3n afectiva: el sentimiento y el crecimiento de comprometerse en lo humano por lo humano, en la gratuidad.<\/div>\n<div dir=\"auto\">Deliberadamente habl\u00e9 de ser elegido, no de elegir. La amistad, dijimos, pertenece a la l\u00f3gica del don: no es un acto de mi voluntad, no decido ser amigo de tal o cual, acontece. Se da, se me da. Despu\u00e9s puedo buscar razones, explicar, pero sobre algo ya acontecido, ya sentido; el origen de la amistad, como de toda forma de amor, se impone, o, al menos se propone a mi respuesta, a mi sensibilidad. Por esto la amistad, tambi\u00e9n, es un dejarse elegir. Es una sensibilidad, una disponibilidad: la de darme, entregarme. Arriesgarme a una relaci\u00f3n. Abrirme y dejar entrar.<\/div>\n<div class=\"x11i5rnm xat24cr x1mh8g0r x1vvkbs xtlvy1s x126k92a\">\n<h1>En este aspecto de don, su aspecto de gratuidad, la amistad es una gracia: la gracia de poder ser gracia para otros, dar amistad a quien me busca como amigo. Llegar a ser m\u00e1s que yo.\u00bb<\/h1>\n<h1>.<\/h1>\n<\/div>\n<\/div>\n<\/div>\n<\/div>\n<\/div>\n<div id=\":rls:\" class=\"html-div xe8uvvx xdj266r x11i5rnm xat24cr x1mh8g0r xexx8yu x4uap5 x18d9i69 xkhd6sd x1n2onr6\">\n<div class=\"html-div xe8uvvx xdj266r x11i5rnm xat24cr x1mh8g0r xexx8yu x4uap5 x18d9i69 xkhd6sd x1n2onr6\">\n<div class=\"x6s0dn4 x1jx94hy x78zum5 xdt5ytf x6ikm8r x10wlt62 x1n2onr6 xh8yej3\">\n<div>\n<div class=\"xqtp20y x6ikm8r x10wlt62 x1n2onr6\">\n<div class=\"x10l6tqk x13vifvy\"><\/div>\n<\/div>\n<\/div>\n<\/div>\n<div class=\"x1nb4dca x1q0q8m5 xso031l x1exxf4d x13fuv20 x178xt8z x1ey2m1c xds687c x47corl x10l6tqk x17qophe x13vifvy\"><\/div>\n<div class=\"x1ey2m1c xds687c x17qophe xg01cxk x47corl x10l6tqk x13vifvy x1ebt8du x19991ni x1dhq9h x1o1ewxj x3x9cwd x1e5q0jg x13rtm0m\" role=\"none\"><\/div>\n<\/div>\n<div class=\"html-div xe8uvvx xdj266r x11i5rnm xat24cr x1mh8g0r xexx8yu x4uap5 x18d9i69 xkhd6sd x6ikm8r x10wlt62\"><\/div>\n<\/div>\n<\/div>\n","protected":false},"excerpt":{"rendered":"<p>. HUGO MUJICA &#8216;LA AMISTAD&#8217; \u00abComo todo lo que hace a la esencia de la vida, a su desnudez, la amistad pertenece a la l\u00f3gica [&hellip;]<\/p>\n","protected":false},"author":8,"featured_media":0,"comment_status":"open","ping_status":"open","sticky":false,"template":"","format":"standard","meta":{"footnotes":""},"categories":[3],"tags":[],"class_list":["post-9806","post","type-post","status-publish","format-standard","hentry","category-taller"],"_links":{"self":[{"href":"http:\/\/marceloscalona.com.ar\/index.php?rest_route=\/wp\/v2\/posts\/9806","targetHints":{"allow":["GET"]}}],"collection":[{"href":"http:\/\/marceloscalona.com.ar\/index.php?rest_route=\/wp\/v2\/posts"}],"about":[{"href":"http:\/\/marceloscalona.com.ar\/index.php?rest_route=\/wp\/v2\/types\/post"}],"author":[{"embeddable":true,"href":"http:\/\/marceloscalona.com.ar\/index.php?rest_route=\/wp\/v2\/users\/8"}],"replies":[{"embeddable":true,"href":"http:\/\/marceloscalona.com.ar\/index.php?rest_route=%2Fwp%2Fv2%2Fcomments&post=9806"}],"version-history":[{"count":1,"href":"http:\/\/marceloscalona.com.ar\/index.php?rest_route=\/wp\/v2\/posts\/9806\/revisions"}],"predecessor-version":[{"id":9808,"href":"http:\/\/marceloscalona.com.ar\/index.php?rest_route=\/wp\/v2\/posts\/9806\/revisions\/9808"}],"wp:attachment":[{"href":"http:\/\/marceloscalona.com.ar\/index.php?rest_route=%2Fwp%2Fv2%2Fmedia&parent=9806"}],"wp:term":[{"taxonomy":"category","embeddable":true,"href":"http:\/\/marceloscalona.com.ar\/index.php?rest_route=%2Fwp%2Fv2%2Fcategories&post=9806"},{"taxonomy":"post_tag","embeddable":true,"href":"http:\/\/marceloscalona.com.ar\/index.php?rest_route=%2Fwp%2Fv2%2Ftags&post=9806"}],"curies":[{"name":"wp","href":"https:\/\/api.w.org\/{rel}","templated":true}]}}