{"id":9809,"date":"2024-07-31T08:57:06","date_gmt":"2024-07-31T11:57:06","guid":{"rendered":"http:\/\/marceloscalona.com.ar\/?p=9809"},"modified":"2024-07-31T08:57:06","modified_gmt":"2024-07-31T11:57:06","slug":"chau-rafa-ielpi","status":"publish","type":"post","link":"http:\/\/marceloscalona.com.ar\/?p=9809","title":{"rendered":"Chau Rafa Ielpi"},"content":{"rendered":"<h1>.<a href=\"http:\/\/marceloscalona.com.ar\/wp-content\/uploads\/2024\/07\/453255283_10233357356412429_8573134712797032052_n.jpg\"><img loading=\"lazy\" decoding=\"async\" class=\"alignnone size-medium wp-image-9810\" src=\"http:\/\/marceloscalona.com.ar\/wp-content\/uploads\/2024\/07\/453255283_10233357356412429_8573134712797032052_n-188x112.jpg\" alt=\"\" width=\"188\" height=\"112\" srcset=\"http:\/\/marceloscalona.com.ar\/wp-content\/uploads\/2024\/07\/453255283_10233357356412429_8573134712797032052_n-188x112.jpg 188w, http:\/\/marceloscalona.com.ar\/wp-content\/uploads\/2024\/07\/453255283_10233357356412429_8573134712797032052_n-494x295.jpg 494w, http:\/\/marceloscalona.com.ar\/wp-content\/uploads\/2024\/07\/453255283_10233357356412429_8573134712797032052_n-768x459.jpg 768w, http:\/\/marceloscalona.com.ar\/wp-content\/uploads\/2024\/07\/453255283_10233357356412429_8573134712797032052_n-800x479.jpg 800w, http:\/\/marceloscalona.com.ar\/wp-content\/uploads\/2024\/07\/453255283_10233357356412429_8573134712797032052_n.jpg 1080w\" sizes=\"auto, (max-width: 188px) 100vw, 188px\" \/><\/a><\/h1>\n<h1>MURI\u00d3 EL NEGRO IELPI,<\/h1>\n<h1>si es que acaso mueren los grandes poetas.<\/h1>\n<h1>El negrito de Esquel.<\/h1>\n<h1>El hu\u00e9rfano.<\/h1>\n<h1>El autor de EL VICIO ABSOLUTO,<\/h1>\n<h1>para muchos de nosotros, el mejor libro<\/h1>\n<h1>de poes\u00eda de la historia de Rosario.<\/h1>\n<h1>.<\/h1>\n<h1>Ielpi, el \u00fanico al que Saer le dedic\u00f3 dos poemas.<\/h1>\n<h1>El novio de Noem\u00ed Ulla.<\/h1>\n<h1>El marido de Dora.<\/h1>\n<h1>El padre de las tres chicas.<\/h1>\n<h1>El poeta de El lagrimal trifurca.<\/h1>\n<h1>El redactor de la revista BOOM.<\/h1>\n<h1>El Radical aut\u00e9ntico.<\/h1>\n<h1>Un Concejal de lujo.<\/h1>\n<h1>El escritor de LA FORESTAL.<\/h1>\n<h1>El gran redactor publicitario.<\/h1>\n<h1>El primer Secretario de Cultura de la democracia.<\/h1>\n<h1>El editor de LA VIGIL.<\/h1>\n<h1>El que trajo ac\u00e1 a RA\u00daL GUSTAVO AGUIRRE.<\/h1>\n<h1>El que recibi\u00f3 veinte veces a BORGES en la ciudad.<\/h1>\n<h1>El historiador de Rosario. Borges alab\u00f3 siempre su Historia de Pichincha.<\/h1>\n<h1>El Director del Centro Cultural Fontanarrosa.<\/h1>\n<h1>El que le ense\u00f1\u00f3 a leer al Negro Fontanarrosa<\/h1>\n<h1>(dicho por Roberto, claro).<\/h1>\n<h1>Un tipo que sab\u00eda todo y no hablaba mal de nadie.<\/h1>\n<h1>Un tipo que no sab\u00eda decir que no, y a veces exageraba con la bondad.<\/h1>\n<h1>Junto con Ang\u00e9lica Gorodischer \u00e9ramos los \u00fanicos tres que segu\u00edamos leyendo a EDITH S\u00d6DERGRAN.<\/h1>\n<h1>Le pude editar su libro de cuentos NO JUEGUES CON GITANAS en mi colecci\u00f3n Ciudad y Orilla de <span class=\"html-span xdj266r x11i5rnm xat24cr x1mh8g0r xexx8yu x4uap5 x18d9i69 xkhd6sd x1hl2dhg x16tdsg8 x1vvkbs\"><a class=\"x1i10hfl xjbqb8w x1ejq31n xd10rxx x1sy0etr x17r0tee x972fbf xcfux6l x1qhh985 xm0m39n x9f619 x1ypdohk xt0psk2 xe8uvvx xdj266r x11i5rnm xat24cr x1mh8g0r xexx8yu x4uap5 x18d9i69 xkhd6sd x16tdsg8 x1hl2dhg xggy1nq x1a2a7pz x1sur9pj xkrqix3 x1fey0fg xo1l8bm\" role=\"link\" href=\"https:\/\/www.facebook.com\/profile.php?id=100064865133229&amp;__cft__[0]=AZUW4M4D-_bE7dviFK7Qp15m5CCM3Dzj-YUq7-nCkBEd6XXgVAZG9f5jbfrZ7YHMiz7c1yBq8VDmEAjd05Ap0F8SQji5wwoBfYTfa5BmjKnOFFz2zQDLJSK-wHQeOsva5yu78SpT4eB1T5sDRdmCB-VCMHavgT8ZBb03TE8nR_js1g&amp;__tn__=-]K-R\"><span class=\"xt0psk2\">HomoSapiens Ediciones<\/span><\/a><\/span>.<\/h1>\n<h1>Tuve la fortuna de hacerme muy amigo estos \u00faltimos a\u00f1os, ayudarlo en algunos cosas importantes y concretas, y tomar unos cuantos copetines en EL CAIRO, y escucharlo a oreja tendida. Un privilegio inolvidable para m\u00ed.<\/h1>\n<h1>Era inagotable lo que sab\u00eda de la ciudad, de la pol\u00edtica, de novela negra, y sobre todo de poes\u00eda. Y m\u00e1s que todo, de SER AMIGO !!!<\/h1>\n<div dir=\"auto\">&#8211;<\/div>\n","protected":false},"excerpt":{"rendered":"<p>. MURI\u00d3 EL NEGRO IELPI, si es que acaso mueren los grandes poetas. El negrito de Esquel. El hu\u00e9rfano. El autor de EL VICIO ABSOLUTO, [&hellip;]<\/p>\n","protected":false},"author":8,"featured_media":0,"comment_status":"open","ping_status":"open","sticky":false,"template":"","format":"standard","meta":{"footnotes":""},"categories":[3],"tags":[],"class_list":["post-9809","post","type-post","status-publish","format-standard","hentry","category-taller"],"_links":{"self":[{"href":"http:\/\/marceloscalona.com.ar\/index.php?rest_route=\/wp\/v2\/posts\/9809","targetHints":{"allow":["GET"]}}],"collection":[{"href":"http:\/\/marceloscalona.com.ar\/index.php?rest_route=\/wp\/v2\/posts"}],"about":[{"href":"http:\/\/marceloscalona.com.ar\/index.php?rest_route=\/wp\/v2\/types\/post"}],"author":[{"embeddable":true,"href":"http:\/\/marceloscalona.com.ar\/index.php?rest_route=\/wp\/v2\/users\/8"}],"replies":[{"embeddable":true,"href":"http:\/\/marceloscalona.com.ar\/index.php?rest_route=%2Fwp%2Fv2%2Fcomments&post=9809"}],"version-history":[{"count":1,"href":"http:\/\/marceloscalona.com.ar\/index.php?rest_route=\/wp\/v2\/posts\/9809\/revisions"}],"predecessor-version":[{"id":9811,"href":"http:\/\/marceloscalona.com.ar\/index.php?rest_route=\/wp\/v2\/posts\/9809\/revisions\/9811"}],"wp:attachment":[{"href":"http:\/\/marceloscalona.com.ar\/index.php?rest_route=%2Fwp%2Fv2%2Fmedia&parent=9809"}],"wp:term":[{"taxonomy":"category","embeddable":true,"href":"http:\/\/marceloscalona.com.ar\/index.php?rest_route=%2Fwp%2Fv2%2Fcategories&post=9809"},{"taxonomy":"post_tag","embeddable":true,"href":"http:\/\/marceloscalona.com.ar\/index.php?rest_route=%2Fwp%2Fv2%2Ftags&post=9809"}],"curies":[{"name":"wp","href":"https:\/\/api.w.org\/{rel}","templated":true}]}}