{"id":9821,"date":"2024-07-31T09:21:08","date_gmt":"2024-07-31T12:21:08","guid":{"rendered":"http:\/\/marceloscalona.com.ar\/?p=9821"},"modified":"2024-07-31T09:21:08","modified_gmt":"2024-07-31T12:21:08","slug":"conversaciones-en-la-biblioteca-2","status":"publish","type":"post","link":"http:\/\/marceloscalona.com.ar\/?p=9821","title":{"rendered":"Conversaciones en la Biblioteca 2"},"content":{"rendered":"<h1>.<a href=\"http:\/\/marceloscalona.com.ar\/wp-content\/uploads\/2024\/07\/453503704_10233358277595458_3490149617860883759_n.jpg\"><img loading=\"lazy\" decoding=\"async\" class=\"alignnone size-medium wp-image-9822\" src=\"http:\/\/marceloscalona.com.ar\/wp-content\/uploads\/2024\/07\/453503704_10233358277595458_3490149617860883759_n-188x188.jpg\" alt=\"\" width=\"188\" height=\"188\" srcset=\"http:\/\/marceloscalona.com.ar\/wp-content\/uploads\/2024\/07\/453503704_10233358277595458_3490149617860883759_n-188x188.jpg 188w, http:\/\/marceloscalona.com.ar\/wp-content\/uploads\/2024\/07\/453503704_10233358277595458_3490149617860883759_n-494x494.jpg 494w, http:\/\/marceloscalona.com.ar\/wp-content\/uploads\/2024\/07\/453503704_10233358277595458_3490149617860883759_n-88x88.jpg 88w, http:\/\/marceloscalona.com.ar\/wp-content\/uploads\/2024\/07\/453503704_10233358277595458_3490149617860883759_n-768x768.jpg 768w, http:\/\/marceloscalona.com.ar\/wp-content\/uploads\/2024\/07\/453503704_10233358277595458_3490149617860883759_n-600x600.jpg 600w, http:\/\/marceloscalona.com.ar\/wp-content\/uploads\/2024\/07\/453503704_10233358277595458_3490149617860883759_n.jpg 1080w\" sizes=\"auto, (max-width: 188px) 100vw, 188px\" \/><\/a><\/h1>\n<h1><span style=\"color: #ff0000\">CONVERSACIONES EN LA BIBLIOTECA -2-<\/span><\/h1>\n<h1>.<\/h1>\n<h1>EL ARTE ENSE\u00d1A<\/h1>\n<h1><span style=\"color: #993300\">Di\u00e1logo entre un actor (Luis Mach\u00edn)<\/span><\/h1>\n<h1><span style=\"color: #993300\">Una psicoanalista (Virginia Thedy)<\/span><\/h1>\n<h1><span style=\"color: #993300\">y un escritor (Marcelo Scalona).<\/span><\/h1>\n<h1><span style=\"color: #993300\">Martes 10 de septiembre 18 hs<\/span><\/h1>\n<h1>Biblioteca Argentina Dr. Juan \u00c1lvarez<\/h1>\n<h1>Sala Alfredo Lovell.<\/h1>\n<h1>ACTIVIDAD ORGANIZADA POR LA EOL Rosario<\/h1>\n<h1>arancelada, inscripci\u00f3n en <b>Via Formulario de Google <\/b><\/h1>\n<h1><b>https:\/\/forms.gle\/wmuu7RAnp6sJf8t4A<\/b><\/h1>\n","protected":false},"excerpt":{"rendered":"<p>. CONVERSACIONES EN LA BIBLIOTECA -2- . EL ARTE ENSE\u00d1A Di\u00e1logo entre un actor (Luis Mach\u00edn) Una psicoanalista (Virginia Thedy) y un escritor (Marcelo Scalona). [&hellip;]<\/p>\n","protected":false},"author":8,"featured_media":0,"comment_status":"open","ping_status":"open","sticky":false,"template":"","format":"standard","meta":{"footnotes":""},"categories":[3],"tags":[],"class_list":["post-9821","post","type-post","status-publish","format-standard","hentry","category-taller"],"_links":{"self":[{"href":"http:\/\/marceloscalona.com.ar\/index.php?rest_route=\/wp\/v2\/posts\/9821","targetHints":{"allow":["GET"]}}],"collection":[{"href":"http:\/\/marceloscalona.com.ar\/index.php?rest_route=\/wp\/v2\/posts"}],"about":[{"href":"http:\/\/marceloscalona.com.ar\/index.php?rest_route=\/wp\/v2\/types\/post"}],"author":[{"embeddable":true,"href":"http:\/\/marceloscalona.com.ar\/index.php?rest_route=\/wp\/v2\/users\/8"}],"replies":[{"embeddable":true,"href":"http:\/\/marceloscalona.com.ar\/index.php?rest_route=%2Fwp%2Fv2%2Fcomments&post=9821"}],"version-history":[{"count":1,"href":"http:\/\/marceloscalona.com.ar\/index.php?rest_route=\/wp\/v2\/posts\/9821\/revisions"}],"predecessor-version":[{"id":9823,"href":"http:\/\/marceloscalona.com.ar\/index.php?rest_route=\/wp\/v2\/posts\/9821\/revisions\/9823"}],"wp:attachment":[{"href":"http:\/\/marceloscalona.com.ar\/index.php?rest_route=%2Fwp%2Fv2%2Fmedia&parent=9821"}],"wp:term":[{"taxonomy":"category","embeddable":true,"href":"http:\/\/marceloscalona.com.ar\/index.php?rest_route=%2Fwp%2Fv2%2Fcategories&post=9821"},{"taxonomy":"post_tag","embeddable":true,"href":"http:\/\/marceloscalona.com.ar\/index.php?rest_route=%2Fwp%2Fv2%2Ftags&post=9821"}],"curies":[{"name":"wp","href":"https:\/\/api.w.org\/{rel}","templated":true}]}}