{"id":9849,"date":"2024-08-09T09:44:55","date_gmt":"2024-08-09T12:44:55","guid":{"rendered":"http:\/\/marceloscalona.com.ar\/?p=9849"},"modified":"2024-08-09T09:44:55","modified_gmt":"2024-08-09T12:44:55","slug":"san-cayetano-2024","status":"publish","type":"post","link":"http:\/\/marceloscalona.com.ar\/?p=9849","title":{"rendered":"San Cayetano 2024"},"content":{"rendered":"<h1 dir=\"auto\">.<a href=\"http:\/\/marceloscalona.com.ar\/wp-content\/uploads\/2024\/08\/454398990_10233433923366555_7299365129941381202_n.jpg\"><img loading=\"lazy\" decoding=\"async\" class=\"alignnone size-medium wp-image-9850\" src=\"http:\/\/marceloscalona.com.ar\/wp-content\/uploads\/2024\/08\/454398990_10233433923366555_7299365129941381202_n-188x125.jpg\" alt=\"\" width=\"188\" height=\"125\" srcset=\"http:\/\/marceloscalona.com.ar\/wp-content\/uploads\/2024\/08\/454398990_10233433923366555_7299365129941381202_n-188x125.jpg 188w, http:\/\/marceloscalona.com.ar\/wp-content\/uploads\/2024\/08\/454398990_10233433923366555_7299365129941381202_n-494x329.jpg 494w, http:\/\/marceloscalona.com.ar\/wp-content\/uploads\/2024\/08\/454398990_10233433923366555_7299365129941381202_n.jpg 720w\" sizes=\"auto, (max-width: 188px) 100vw, 188px\" \/><\/a><\/h1>\n<h1 dir=\"auto\">SAN CAYETANO\u00a0 <span class=\"html-span xdj266r x11i5rnm xat24cr x1mh8g0r xexx8yu x4uap5 x18d9i69 xkhd6sd x1hl2dhg x16tdsg8 x1vvkbs\"><a class=\"x1i10hfl xjbqb8w x1ejq31n xd10rxx x1sy0etr x17r0tee x972fbf xcfux6l x1qhh985 xm0m39n x9f619 x1ypdohk xt0psk2 xe8uvvx xdj266r x11i5rnm xat24cr x1mh8g0r xexx8yu x4uap5 x18d9i69 xkhd6sd x16tdsg8 x1hl2dhg xggy1nq x1a2a7pz x1sur9pj xkrqix3 x1fey0fg xo1l8bm\" role=\"link\" href=\"https:\/\/www.facebook.com\/hashtag\/sancayetano?__eep__=6&amp;__cft__[0]=AZV8e3lH5Ak8U-ToJChP2OdY-ErX2gc48OPeS4a4kmr0bfN4KSwuKOkb5UAgU896GrjwsksxNmY9g1Tz4hXHDKQ81Oriv81WHb37KWThX1OJ7xP559hmjVjnW-gtdoUivZU2QHSZXDyOgLfcSjibZXxrm_Djjdm9VJR6J3WG8ry8wQ&amp;__tn__=*NK-R\">#SanCayetano<\/a><\/span><\/h1>\n<h1 dir=\"auto\">Desde 1986 que no iba a pedir trabajo. Despu\u00e9s siempre me sobr\u00f3. Hoy volv\u00ed para pedir trabajo para mi hijo Mat\u00edas (dos hijos), al que acaban de despedir de un trabajo formal. Los que nunca han tenido necesidades o no les ha faltado el trabajo o el sost\u00e9n, quiz\u00e1 no comprendan y alguno hasta se burle o ponga reparos a San Cayetano, s\u00edmbolo del realismo m\u00e1gico nacional y popular.<\/h1>\n<h1 dir=\"auto\">A esas personas, c\u00f3modamente instaladas en el racionalismo y la ilustraci\u00f3n, y con alguna renta claro, o empleos importantes, me atrevo a recordarles que el origen del dinero y del poder, casi siempre, fatalmente, es tan o m\u00e1s fant\u00e1stico que San Cayetano.<\/h1>\n<h1 dir=\"auto\">.<\/h1>\n<h1 dir=\"auto\">Veo esa foto extraordinaria de SEBAS MIQUEL en San Cayetano de Buenos Aires y recuerdo una charla de la semana pasada con mi amigo y exalumno, el p\u00e1rroco actual de San Cayetano en Rosario, el Padre Marcelo Franchini, que antes fue cura en Pueblo Nuevo y en Villa Gdor. G\u00e1lvez, dos de las zonas m\u00e1s pobres y calientes del Gran Rosario. Justo ayer se muri\u00f3 el Padre Joaqu\u00edn N\u00fa\u00f1ez, un modelo. Lo digo para dar referencias: los curas de \u00abla opci\u00f3n por los pobres\u00bb te toman la temperatura social como nadie y adem\u00e1s no juegan en la pol\u00edtica chica, no van por la mezquindad, la pechera, ni el odio de justificar lo injustificable ni traccionar m\u00e1s de lo que reparten.<\/h1>\n<h1 dir=\"auto\">Tomamos un caf\u00e9 con Marcelo, esta vez pude ayudarlo con el tema del sonido en el acto y como \u00e9l ya estaba preparando el tsunami espiritual de hoy, nos despedimos con una frase muy parecida a la que escrib\u00ed en mi novela EL HOTEL DONDE SO\u00d1ABA PER\u00d3N:<\/h1>\n<h1 dir=\"auto\">.<\/h1>\n<h1 dir=\"auto\">\u201c\u00bb\u00bbLa teor\u00eda del derrame es una ca\u00edda no una bienaventuranza. \u00bfHasta d\u00f3nde llegar\u00e1 la salpicadura? Cuando la gota roja toque la l\u00ednea de sombra (que en secreto hace un l\u00edmite impreciso), comenzar\u00e1 a andar otra vez, lento, pero seguro, el \u00fanico motor de la historia que duerme con un ojo abierto: la gente, los trabajadores, alg\u00fan dirigente todav\u00eda alrededor de la derrota que se pregunte: \u00bfpor qu\u00e9 esas familias que siempre quisieron todo van a dejar algo para nosotros?\u201d\u00bb\u00bb<\/h1>\n<h1 dir=\"auto\">.<\/h1>\n<h1 dir=\"auto\"><span class=\"html-span xdj266r x11i5rnm xat24cr x1mh8g0r xexx8yu x4uap5 x18d9i69 xkhd6sd x1hl2dhg x16tdsg8 x1vvkbs\"><a class=\"x1i10hfl xjbqb8w x1ejq31n xd10rxx x1sy0etr x17r0tee x972fbf xcfux6l x1qhh985 xm0m39n x9f619 x1ypdohk xt0psk2 xe8uvvx xdj266r x11i5rnm xat24cr x1mh8g0r xexx8yu x4uap5 x18d9i69 xkhd6sd x16tdsg8 x1hl2dhg xggy1nq x1a2a7pz x1sur9pj xkrqix3 x1fey0fg xo1l8bm\" role=\"link\" href=\"https:\/\/www.facebook.com\/scalona?__cft__[0]=AZV8e3lH5Ak8U-ToJChP2OdY-ErX2gc48OPeS4a4kmr0bfN4KSwuKOkb5UAgU896GrjwsksxNmY9g1Tz4hXHDKQ81Oriv81WHb37KWThX1OJ7xP559hmjVjnW-gtdoUivZU2QHSZXDyOgLfcSjibZXxrm_Djjdm9VJR6J3WG8ry8wQ&amp;__tn__=-]K-R\"><span class=\"xt0psk2\">Marcelo<\/span><\/a><\/span>.<\/h1>\n","protected":false},"excerpt":{"rendered":"<p>. SAN CAYETANO\u00a0 #SanCayetano Desde 1986 que no iba a pedir trabajo. Despu\u00e9s siempre me sobr\u00f3. Hoy volv\u00ed para pedir trabajo para mi hijo Mat\u00edas [&hellip;]<\/p>\n","protected":false},"author":8,"featured_media":0,"comment_status":"open","ping_status":"open","sticky":false,"template":"","format":"standard","meta":{"footnotes":""},"categories":[3],"tags":[],"class_list":["post-9849","post","type-post","status-publish","format-standard","hentry","category-taller"],"_links":{"self":[{"href":"http:\/\/marceloscalona.com.ar\/index.php?rest_route=\/wp\/v2\/posts\/9849","targetHints":{"allow":["GET"]}}],"collection":[{"href":"http:\/\/marceloscalona.com.ar\/index.php?rest_route=\/wp\/v2\/posts"}],"about":[{"href":"http:\/\/marceloscalona.com.ar\/index.php?rest_route=\/wp\/v2\/types\/post"}],"author":[{"embeddable":true,"href":"http:\/\/marceloscalona.com.ar\/index.php?rest_route=\/wp\/v2\/users\/8"}],"replies":[{"embeddable":true,"href":"http:\/\/marceloscalona.com.ar\/index.php?rest_route=%2Fwp%2Fv2%2Fcomments&post=9849"}],"version-history":[{"count":1,"href":"http:\/\/marceloscalona.com.ar\/index.php?rest_route=\/wp\/v2\/posts\/9849\/revisions"}],"predecessor-version":[{"id":9851,"href":"http:\/\/marceloscalona.com.ar\/index.php?rest_route=\/wp\/v2\/posts\/9849\/revisions\/9851"}],"wp:attachment":[{"href":"http:\/\/marceloscalona.com.ar\/index.php?rest_route=%2Fwp%2Fv2%2Fmedia&parent=9849"}],"wp:term":[{"taxonomy":"category","embeddable":true,"href":"http:\/\/marceloscalona.com.ar\/index.php?rest_route=%2Fwp%2Fv2%2Fcategories&post=9849"},{"taxonomy":"post_tag","embeddable":true,"href":"http:\/\/marceloscalona.com.ar\/index.php?rest_route=%2Fwp%2Fv2%2Ftags&post=9849"}],"curies":[{"name":"wp","href":"https:\/\/api.w.org\/{rel}","templated":true}]}}