{"id":9883,"date":"2024-09-08T13:19:42","date_gmt":"2024-09-08T16:19:42","guid":{"rendered":"http:\/\/marceloscalona.com.ar\/?p=9883"},"modified":"2024-09-08T13:19:42","modified_gmt":"2024-09-08T16:19:42","slug":"con-sergio-olguin-en-la-feria-rosario","status":"publish","type":"post","link":"http:\/\/marceloscalona.com.ar\/?p=9883","title":{"rendered":"Con Sergio Olgu\u00edn en la Feria Rosario"},"content":{"rendered":"<h1>.<a href=\"http:\/\/marceloscalona.com.ar\/wp-content\/uploads\/2024\/09\/458729832_18415997104075935_1222399608133803573_n.jpg\"><img loading=\"lazy\" decoding=\"async\" class=\"alignnone size-medium wp-image-9884\" src=\"http:\/\/marceloscalona.com.ar\/wp-content\/uploads\/2024\/09\/458729832_18415997104075935_1222399608133803573_n-188x188.jpg\" alt=\"\" width=\"188\" height=\"188\" srcset=\"http:\/\/marceloscalona.com.ar\/wp-content\/uploads\/2024\/09\/458729832_18415997104075935_1222399608133803573_n-188x188.jpg 188w, http:\/\/marceloscalona.com.ar\/wp-content\/uploads\/2024\/09\/458729832_18415997104075935_1222399608133803573_n-494x494.jpg 494w, http:\/\/marceloscalona.com.ar\/wp-content\/uploads\/2024\/09\/458729832_18415997104075935_1222399608133803573_n-88x88.jpg 88w, http:\/\/marceloscalona.com.ar\/wp-content\/uploads\/2024\/09\/458729832_18415997104075935_1222399608133803573_n-768x768.jpg 768w, http:\/\/marceloscalona.com.ar\/wp-content\/uploads\/2024\/09\/458729832_18415997104075935_1222399608133803573_n-600x600.jpg 600w, http:\/\/marceloscalona.com.ar\/wp-content\/uploads\/2024\/09\/458729832_18415997104075935_1222399608133803573_n.jpg 1080w\" sizes=\"auto, (max-width: 188px) 100vw, 188px\" \/><\/a><\/h1>\n<h1><strong>Viernes 13 de septiembre, 18 hs en la sala Beatriz Guido de la Feria del Libro de Rosario, tendr\u00e9 el gusto de acompa\u00f1ar a SERGIO OLGU\u00cdN en la presentaci\u00f3n de su \u00faltima novela \u00abLos \u00faltimos d\u00edas de Julio Verne\u00bb. Los esperamos<\/strong><\/h1>\n","protected":false},"excerpt":{"rendered":"<p>. Viernes 13 de septiembre, 18 hs en la sala Beatriz Guido de la Feria del Libro de Rosario, tendr\u00e9 el gusto de acompa\u00f1ar a [&hellip;]<\/p>\n","protected":false},"author":8,"featured_media":0,"comment_status":"open","ping_status":"open","sticky":false,"template":"","format":"standard","meta":{"footnotes":""},"categories":[3],"tags":[],"class_list":["post-9883","post","type-post","status-publish","format-standard","hentry","category-taller"],"_links":{"self":[{"href":"http:\/\/marceloscalona.com.ar\/index.php?rest_route=\/wp\/v2\/posts\/9883","targetHints":{"allow":["GET"]}}],"collection":[{"href":"http:\/\/marceloscalona.com.ar\/index.php?rest_route=\/wp\/v2\/posts"}],"about":[{"href":"http:\/\/marceloscalona.com.ar\/index.php?rest_route=\/wp\/v2\/types\/post"}],"author":[{"embeddable":true,"href":"http:\/\/marceloscalona.com.ar\/index.php?rest_route=\/wp\/v2\/users\/8"}],"replies":[{"embeddable":true,"href":"http:\/\/marceloscalona.com.ar\/index.php?rest_route=%2Fwp%2Fv2%2Fcomments&post=9883"}],"version-history":[{"count":1,"href":"http:\/\/marceloscalona.com.ar\/index.php?rest_route=\/wp\/v2\/posts\/9883\/revisions"}],"predecessor-version":[{"id":9885,"href":"http:\/\/marceloscalona.com.ar\/index.php?rest_route=\/wp\/v2\/posts\/9883\/revisions\/9885"}],"wp:attachment":[{"href":"http:\/\/marceloscalona.com.ar\/index.php?rest_route=%2Fwp%2Fv2%2Fmedia&parent=9883"}],"wp:term":[{"taxonomy":"category","embeddable":true,"href":"http:\/\/marceloscalona.com.ar\/index.php?rest_route=%2Fwp%2Fv2%2Fcategories&post=9883"},{"taxonomy":"post_tag","embeddable":true,"href":"http:\/\/marceloscalona.com.ar\/index.php?rest_route=%2Fwp%2Fv2%2Ftags&post=9883"}],"curies":[{"name":"wp","href":"https:\/\/api.w.org\/{rel}","templated":true}]}}