{"id":9931,"date":"2024-10-12T12:10:43","date_gmt":"2024-10-12T15:10:43","guid":{"rendered":"http:\/\/marceloscalona.com.ar\/?p=9931"},"modified":"2024-10-23T17:29:42","modified_gmt":"2024-10-23T20:29:42","slug":"el-nacimiento-2","status":"publish","type":"post","link":"http:\/\/marceloscalona.com.ar\/?p=9931","title":{"rendered":"El nacimiento"},"content":{"rendered":"<h1 dir=\"auto\">.<a href=\"http:\/\/marceloscalona.com.ar\/wp-content\/uploads\/2024\/10\/462371140_10234145650399286_2593383514010388375_n.jpg\"><img loading=\"lazy\" decoding=\"async\" class=\"alignnone size-medium wp-image-9932\" src=\"http:\/\/marceloscalona.com.ar\/wp-content\/uploads\/2024\/10\/462371140_10234145650399286_2593383514010388375_n-125x188.jpg\" alt=\"\" width=\"125\" height=\"188\" srcset=\"http:\/\/marceloscalona.com.ar\/wp-content\/uploads\/2024\/10\/462371140_10234145650399286_2593383514010388375_n-125x188.jpg 125w, http:\/\/marceloscalona.com.ar\/wp-content\/uploads\/2024\/10\/462371140_10234145650399286_2593383514010388375_n-329x494.jpg 329w, http:\/\/marceloscalona.com.ar\/wp-content\/uploads\/2024\/10\/462371140_10234145650399286_2593383514010388375_n-400x600.jpg 400w, http:\/\/marceloscalona.com.ar\/wp-content\/uploads\/2024\/10\/462371140_10234145650399286_2593383514010388375_n.jpg 667w\" sizes=\"auto, (max-width: 125px) 100vw, 125px\" \/><\/a><\/h1>\n<h1 dir=\"auto\"><span style=\"color: #800000\"><strong>EL NACIMIENTO<\/strong><\/span><\/h1>\n<h1 dir=\"auto\"><span style=\"color: #800000\"><strong>(El altillo de mis oficios, Ed. Corregidor, 1998).<\/strong><\/span><\/h1>\n<h1 dir=\"auto\"><span style=\"color: #800000\"><strong>.<\/strong><\/span><\/h1>\n<h1 dir=\"auto\"><span style=\"color: #800000\"><strong>\u00abA los siete a\u00f1os me aproxim\u00e9 a la comprensi\u00f3n de la especie humana. Era un d\u00eda de lluvia y miraba a la calle por la ventana de nuestra casa de infancia. Llam\u00f3 mi atenci\u00f3n que los peatones que llevaban paraguas e impermeables no cedieran el lado de la pared y los aleros a los otros, los desprotegidos e inermes. Me qued\u00e9 pensando un rato y apareci\u00f3 mi padre por la vereda de enfrente, mojado y desnudo al aguacero, cediendo el lado de la pared a todos. Me puse a llorar y esa noche, antes de dormirme, como una condena o un tesoro, lo escrib\u00ed en secreto en la \u00faltima hoja del cuaderno de tareas. Algo irremediable y fatal naci\u00f3 para m\u00ed entonces: escribir es el \u00fanico juguete de la infancia que me dura\u00bb.<\/strong><\/span><\/h1>\n<h1 dir=\"auto\"><span style=\"color: #800000\"><strong>.<\/strong><\/span><\/h1>\n<h1 dir=\"auto\"><span style=\"color: #800000\"><strong>.<\/strong><\/span><\/h1>\n<h1 dir=\"auto\"><strong><span style=\"color: #800000\">La foto es de Rosa Laszewicki<\/span><\/strong><\/h1>\n","protected":false},"excerpt":{"rendered":"<p>. EL NACIMIENTO (El altillo de mis oficios, Ed. Corregidor, 1998). . \u00abA los siete a\u00f1os me aproxim\u00e9 a la comprensi\u00f3n de la especie humana. [&hellip;]<\/p>\n","protected":false},"author":8,"featured_media":0,"comment_status":"open","ping_status":"open","sticky":false,"template":"","format":"standard","meta":{"footnotes":""},"categories":[3],"tags":[],"class_list":["post-9931","post","type-post","status-publish","format-standard","hentry","category-taller"],"_links":{"self":[{"href":"http:\/\/marceloscalona.com.ar\/index.php?rest_route=\/wp\/v2\/posts\/9931","targetHints":{"allow":["GET"]}}],"collection":[{"href":"http:\/\/marceloscalona.com.ar\/index.php?rest_route=\/wp\/v2\/posts"}],"about":[{"href":"http:\/\/marceloscalona.com.ar\/index.php?rest_route=\/wp\/v2\/types\/post"}],"author":[{"embeddable":true,"href":"http:\/\/marceloscalona.com.ar\/index.php?rest_route=\/wp\/v2\/users\/8"}],"replies":[{"embeddable":true,"href":"http:\/\/marceloscalona.com.ar\/index.php?rest_route=%2Fwp%2Fv2%2Fcomments&post=9931"}],"version-history":[{"count":2,"href":"http:\/\/marceloscalona.com.ar\/index.php?rest_route=\/wp\/v2\/posts\/9931\/revisions"}],"predecessor-version":[{"id":9962,"href":"http:\/\/marceloscalona.com.ar\/index.php?rest_route=\/wp\/v2\/posts\/9931\/revisions\/9962"}],"wp:attachment":[{"href":"http:\/\/marceloscalona.com.ar\/index.php?rest_route=%2Fwp%2Fv2%2Fmedia&parent=9931"}],"wp:term":[{"taxonomy":"category","embeddable":true,"href":"http:\/\/marceloscalona.com.ar\/index.php?rest_route=%2Fwp%2Fv2%2Fcategories&post=9931"},{"taxonomy":"post_tag","embeddable":true,"href":"http:\/\/marceloscalona.com.ar\/index.php?rest_route=%2Fwp%2Fv2%2Ftags&post=9931"}],"curies":[{"name":"wp","href":"https:\/\/api.w.org\/{rel}","templated":true}]}}